{"id":41773,"date":"2025-07-13T15:56:07","date_gmt":"2025-07-13T12:56:07","guid":{"rendered":"https:\/\/www.egemtv.com\/?p=41773"},"modified":"2025-07-13T15:56:12","modified_gmt":"2025-07-13T12:56:12","slug":"kar-maskeli-sahis-cocugu-basindan-bicakla-agir-yaraladi","status":"publish","type":"post","link":"https:\/\/www.egemtv.com\/?p=41773","title":{"rendered":"Kar maskeli \u015fah\u0131s \u00e7ocu\u011fu ba\u015f\u0131ndan b\u0131\u00e7akla a\u011f\u0131r yaralad\u0131"},"content":{"rendered":"<p>Ayd\u0131n\u2019\u0131n Efeler il\u00e7esinde P\u0131narba\u015f\u0131 Mesire Alan\u0131 i\u00e7erisinde kar maskeli oldu\u011fu iddia edilen \u015fah\u0131s bir \u00e7ocu\u011fu b\u0131\u00e7akla ba\u015f\u0131ndan a\u011f\u0131r yaralad\u0131.<br \/>\n<br \/>Olay, Zafer Mahallesi P\u0131narba\u015f\u0131 Mesire Alan\u0131 i\u00e7erisinde meydana geldi. Edinilen bilgiye g\u00f6re, kar maskesi takt\u0131\u011f\u0131 iddia edilen bir \u015fah\u0131s A.A. (16) isimli \u00e7ocu\u011fa hen\u00fcz bilinmeyen bir nedenle sald\u0131rd\u0131. Bo\u011fu\u015fma esnas\u0131nda \u00e7ocu\u011fu ba\u015f\u0131ndan b\u0131\u00e7akla a\u011f\u0131r yaralayan \u015fah\u0131s olay yerinden h\u0131zla uzakla\u015f\u0131rken olay\u0131 g\u00f6renler durumu 112 Acil \u00c7a\u011fr\u0131 Merkezi\u2019ne bildirdi. \u0130hbar \u00fczerine b\u00f6lgeye sa\u011fl\u0131k ve polis ekipleri sevk edildi. K\u0131sa s\u00fcrede olay yerine gelen sa\u011fl\u0131k ekipleri yaral\u0131 \u00e7ocu\u011fa ilk m\u00fcdahalesini yaparak ambulansla hastaneye kald\u0131rd\u0131. Hastaneye kald\u0131r\u0131lan \u00e7ocu\u011fun sa\u011fl\u0131k durumunun ciddiyetini korudu\u011fu \u00f6\u011frenilirken, polis ekipleri de olay\u0131n ard\u0131ndan kay\u0131plara kar\u0131\u015fan kar maskeli \u015fahs\u0131 yakalamak i\u00e7in \u00e7al\u0131\u015fma ba\u015flatt\u0131.<br \/>\n<br \/>Olayla ilgili soru\u015fturma s\u00fcr\u00fcyor.<br \/><\/p>\n","protected":false},"excerpt":{"rendered":"<p>Ayd\u0131n\u2019\u0131n Efeler il\u00e7esinde P\u0131narba\u015f\u0131 Mesire Alan\u0131 i\u00e7erisinde kar maskeli oldu\u011fu iddia edilen \u015fah\u0131s bir \u00e7ocu\u011fu b\u0131\u00e7akla ba\u015f\u0131ndan a\u011f\u0131r yaralad\u0131. Olay, Zafer Mahallesi P\u0131narba\u015f\u0131 Mesire Alan\u0131 i\u00e7erisinde meydana geldi. Edinilen bilgiye g\u00f6re, kar maskesi takt\u0131\u011f\u0131 iddia edilen bir \u015fah\u0131s A.A. (16) isimli \u00e7ocu\u011fa hen\u00fcz bilinmeyen bir nedenle sald\u0131rd\u0131. Bo\u011fu\u015fma esnas\u0131nda \u00e7ocu\u011fu ba\u015f\u0131ndan b\u0131\u00e7akla a\u011f\u0131r yaralayan \u015fah\u0131s&#8230;<\/p>\n","protected":false},"author":1,"featured_media":41774,"comment_status":"open","ping_status":"open","sticky":false,"template":"","format":"standard","meta":{"_crdt_document":"","footnotes":""},"categories":[5],"tags":[],"class_list":["post-41773","post","type-post","status-publish","format-standard","has-post-thumbnail","hentry","category-asayis"],"_links":{"self":[{"href":"https:\/\/www.egemtv.com\/index.php?rest_route=\/wp\/v2\/posts\/41773","targetHints":{"allow":["GET"]}}],"collection":[{"href":"https:\/\/www.egemtv.com\/index.php?rest_route=\/wp\/v2\/posts"}],"about":[{"href":"https:\/\/www.egemtv.com\/index.php?rest_route=\/wp\/v2\/types\/post"}],"author":[{"embeddable":true,"href":"https:\/\/www.egemtv.com\/index.php?rest_route=\/wp\/v2\/users\/1"}],"replies":[{"embeddable":true,"href":"https:\/\/www.egemtv.com\/index.php?rest_route=%2Fwp%2Fv2%2Fcomments&post=41773"}],"version-history":[{"count":1,"href":"https:\/\/www.egemtv.com\/index.php?rest_route=\/wp\/v2\/posts\/41773\/revisions"}],"predecessor-version":[{"id":41775,"href":"https:\/\/www.egemtv.com\/index.php?rest_route=\/wp\/v2\/posts\/41773\/revisions\/41775"}],"wp:featuredmedia":[{"embeddable":true,"href":"https:\/\/www.egemtv.com\/index.php?rest_route=\/wp\/v2\/media\/41774"}],"wp:attachment":[{"href":"https:\/\/www.egemtv.com\/index.php?rest_route=%2Fwp%2Fv2%2Fmedia&parent=41773"}],"wp:term":[{"taxonomy":"category","embeddable":true,"href":"https:\/\/www.egemtv.com\/index.php?rest_route=%2Fwp%2Fv2%2Fcategories&post=41773"},{"taxonomy":"post_tag","embeddable":true,"href":"https:\/\/www.egemtv.com\/index.php?rest_route=%2Fwp%2Fv2%2Ftags&post=41773"}],"curies":[{"name":"wp","href":"https:\/\/api.w.org\/{rel}","templated":true}]}}