{"id":41770,"date":"2025-07-13T15:35:58","date_gmt":"2025-07-13T12:35:58","guid":{"rendered":"https:\/\/www.egemtv.com\/?p=41770"},"modified":"2025-07-13T15:36:03","modified_gmt":"2025-07-13T12:36:03","slug":"evde-cikan-yanginda-yataga-bagimli-yasli-kadin-hayatini-kaybetti","status":"publish","type":"post","link":"https:\/\/www.egemtv.com\/?p=41770","title":{"rendered":"Evde \u00e7\u0131kan yang\u0131nda yata\u011fa ba\u011f\u0131ml\u0131 ya\u015fl\u0131 kad\u0131n hayat\u0131n\u0131 kaybetti"},"content":{"rendered":"<p>Denizli\u2019de evde \u00e7\u0131kan yang\u0131nda e\u015fi ve o\u011flu ile ya\u015fayan hasta kad\u0131n hayat\u0131n\u0131 kaybetti.<br \/>\n<br \/>Yang\u0131n, \u00c7ivril il\u00e7esi Karalar Mahallesi\u2019nde meydana geldi. Edinilen bilgilere g\u00f6re Faik Yozgat\u2019a ait evde hen\u00fcz bilinmeyen bir nedenle yang\u0131n \u00e7\u0131kt\u0131. Faik Yozgat, o\u011flu Halil Yozgat kendi imkanlar\u0131yla evden \u00e7\u0131karak kom\u015fular\u0131yla birlikte alevlere m\u00fcdahalede bulundu. \u0130hbar \u00fczerine b\u00f6lgeye gelen itfaiye ekipleri yang\u0131n\u0131 kontrol alt\u0131na ald\u0131. Ya\u015fl\u0131 ve hasta oldu\u011fu i\u00e7in yata\u011fa ba\u011f\u0131ml\u0131 olan Sevim Yozgat (80), dumandan etkilenerek hayat\u0131n\u0131 kaybetti\u011fi belirlendi. Kullan\u0131lamaz hale gelen evde yap\u0131lan incelemelerin ard\u0131ndan Sevim Yozgat\u2019\u0131n cenazesi otopsi yap\u0131lmak \u00fczere morga kald\u0131r\u0131ld\u0131.<br \/>\n<br \/>Yang\u0131nla ilgili soru\u015fturma ba\u015flat\u0131ld\u0131.<br \/><\/p>\n","protected":false},"excerpt":{"rendered":"<p>Denizli\u2019de evde \u00e7\u0131kan yang\u0131nda e\u015fi ve o\u011flu ile ya\u015fayan hasta kad\u0131n hayat\u0131n\u0131 kaybetti. Yang\u0131n, \u00c7ivril il\u00e7esi Karalar Mahallesi\u2019nde meydana geldi. Edinilen bilgilere g\u00f6re Faik Yozgat\u2019a ait evde hen\u00fcz bilinmeyen bir nedenle yang\u0131n \u00e7\u0131kt\u0131. Faik Yozgat, o\u011flu Halil Yozgat kendi imkanlar\u0131yla evden \u00e7\u0131karak kom\u015fular\u0131yla birlikte alevlere m\u00fcdahalede bulundu. \u0130hbar \u00fczerine b\u00f6lgeye gelen itfaiye ekipleri yang\u0131n\u0131 kontrol&#8230;<\/p>\n","protected":false},"author":1,"featured_media":41771,"comment_status":"open","ping_status":"open","sticky":false,"template":"","format":"standard","meta":{"_crdt_document":"","footnotes":""},"categories":[5],"tags":[],"class_list":["post-41770","post","type-post","status-publish","format-standard","has-post-thumbnail","hentry","category-asayis"],"_links":{"self":[{"href":"https:\/\/www.egemtv.com\/index.php?rest_route=\/wp\/v2\/posts\/41770","targetHints":{"allow":["GET"]}}],"collection":[{"href":"https:\/\/www.egemtv.com\/index.php?rest_route=\/wp\/v2\/posts"}],"about":[{"href":"https:\/\/www.egemtv.com\/index.php?rest_route=\/wp\/v2\/types\/post"}],"author":[{"embeddable":true,"href":"https:\/\/www.egemtv.com\/index.php?rest_route=\/wp\/v2\/users\/1"}],"replies":[{"embeddable":true,"href":"https:\/\/www.egemtv.com\/index.php?rest_route=%2Fwp%2Fv2%2Fcomments&post=41770"}],"version-history":[{"count":1,"href":"https:\/\/www.egemtv.com\/index.php?rest_route=\/wp\/v2\/posts\/41770\/revisions"}],"predecessor-version":[{"id":41772,"href":"https:\/\/www.egemtv.com\/index.php?rest_route=\/wp\/v2\/posts\/41770\/revisions\/41772"}],"wp:featuredmedia":[{"embeddable":true,"href":"https:\/\/www.egemtv.com\/index.php?rest_route=\/wp\/v2\/media\/41771"}],"wp:attachment":[{"href":"https:\/\/www.egemtv.com\/index.php?rest_route=%2Fwp%2Fv2%2Fmedia&parent=41770"}],"wp:term":[{"taxonomy":"category","embeddable":true,"href":"https:\/\/www.egemtv.com\/index.php?rest_route=%2Fwp%2Fv2%2Fcategories&post=41770"},{"taxonomy":"post_tag","embeddable":true,"href":"https:\/\/www.egemtv.com\/index.php?rest_route=%2Fwp%2Fv2%2Ftags&post=41770"}],"curies":[{"name":"wp","href":"https:\/\/api.w.org\/{rel}","templated":true}]}}