{"id":41767,"date":"2025-07-13T15:18:13","date_gmt":"2025-07-13T12:18:13","guid":{"rendered":"https:\/\/www.egemtv.com\/?p=41767"},"modified":"2025-07-13T15:18:22","modified_gmt":"2025-07-13T12:18:22","slug":"marmaris-kaymakamligindan-kadina-siddet-olayina-sert-tepki","status":"publish","type":"post","link":"https:\/\/www.egemtv.com\/?p=41767","title":{"rendered":"Marmaris Kaymakaml\u0131\u011f\u0131\u2019ndan kad\u0131na \u015fiddet olay\u0131na sert tepki"},"content":{"rendered":"<p>Mu\u011fla\u2019n\u0131n Marmaris il\u00e7esinde bir e\u011flence mekan\u0131nda \u00e7al\u0131\u015fanlar\u0131n kad\u0131n turistleri darp etti\u011fi g\u00f6r\u00fcnt\u00fclerin sosyal medyada yay\u0131lmas\u0131 sonras\u0131 kamuoyunda b\u00fcy\u00fck tepki olu\u015ftu. Olayla ilgili Marmaris Kaymakaml\u0131\u011f\u0131\u2019ndan yap\u0131lan a\u00e7\u0131klamada, &#8220;Kad\u0131na \u015fiddet g\u00f6r\u00fcnt\u00fclerini kabul etmemiz asla m\u00fcmk\u00fcn de\u011fildir. Devletimizin bu konuda kararl\u0131 duru\u015fu vard\u0131r&#8221; denildi.<br \/>\n<br \/>Olay, 2 Haziran 2025 tarihinde Marmaris\u2019in Armutalan Mahallesi\u2019nde bulunan bir e\u011flence mekan\u0131nda meydana geldi. Edinilen bilgiye g\u00f6re, hesap nedeniyle \u00e7\u0131kan s\u00f6zl\u00fc tart\u0131\u015fma k\u0131sa s\u00fcrede kavgaya d\u00f6n\u00fc\u015ft\u00fc. Kimlik bilgileri hen\u00fcz belirlenemeyen yabanc\u0131 uyruklu kad\u0131n m\u00fc\u015fteriler, i\u015f yeri \u00e7al\u0131\u015fanlar\u0131 taraf\u0131ndan darp edildi. Olay an\u0131na ait g\u00f6r\u00fcnt\u00fclerin sosyal medyada payla\u015f\u0131lmas\u0131 \u00fczerine g\u00fcvenlik g\u00fc\u00e7leri harekete ge\u00e7ti. Polis ekiplerinin yapt\u0131\u011f\u0131 \u00e7al\u0131\u015fma sonucu, kad\u0131n turistleri darp etti\u011fi belirlenen i\u015f yeri \u00e7al\u0131\u015fanlar\u0131 M.A., \u015e.E., E.S.Y., U.T. ve A.A. isimli \u015fah\u0131slar yakalanarak g\u00f6zalt\u0131na al\u0131nd\u0131. Taraflar\u0131n birbirinden \u015fikayet\u00e7i olmad\u0131\u011f\u0131 \u00f6\u011frenilirken, olayla ilgili adli ve idari soru\u015fturman\u0131n s\u00fcrd\u00fc\u011f\u00fc bildirildi.<\/p>\n<p>&#8220;G\u00f6r\u00fcnt\u00fcleri kabul etmemiz asla m\u00fcmk\u00fcn de\u011fildir&#8221;<br \/>\n<br \/>Marmaris Kaymakaml\u0131\u011f\u0131\u2019ndan yap\u0131lan a\u00e7\u0131klamada \u015fu ifadelere yer verildi: &#8220;Armutalan Mahallesi\u2019nde 2 Haziran\u2019da alkoll\u00fc bir mekanda meydana gelen kad\u0131na \u015fiddet g\u00f6r\u00fcnt\u00fclerini kabul etmemiz asla m\u00fcmk\u00fcn de\u011fildir. Bilinmelidir ki, Mu\u011fla\u2019da kad\u0131na y\u00f6nelik \u015fiddete asla m\u00fcsamaha g\u00f6sterilmemektedir. Kad\u0131na y\u00f6nelik her t\u00fcrl\u00fc \u015fiddet davran\u0131\u015f\u0131n\u0131n kar\u015f\u0131s\u0131nda, devletimizin kararl\u0131 duru\u015fu vard\u0131r. S\u00f6z konusu olaya kar\u0131\u015ft\u0131\u011f\u0131 tespit edilen 5 \u015fah\u0131s yakalanarak adli makamlara teslim edilmi\u015ftir. \u0130\u015fletme ve \u00e7al\u0131\u015fanlarla ilgili adli ve idari soru\u015fturma titizlikle s\u00fcrd\u00fcr\u00fclmekte olup, geli\u015fmeler t\u00fcm y\u00f6nleriyle yak\u0131ndan takip edilmektedir.&#8221;<br \/><\/p>\n","protected":false},"excerpt":{"rendered":"<p>Mu\u011fla\u2019n\u0131n Marmaris il\u00e7esinde bir e\u011flence mekan\u0131nda \u00e7al\u0131\u015fanlar\u0131n kad\u0131n turistleri darp etti\u011fi g\u00f6r\u00fcnt\u00fclerin sosyal medyada yay\u0131lmas\u0131 sonras\u0131 kamuoyunda b\u00fcy\u00fck tepki olu\u015ftu. Olayla ilgili Marmaris Kaymakaml\u0131\u011f\u0131\u2019ndan yap\u0131lan a\u00e7\u0131klamada, &#8220;Kad\u0131na \u015fiddet g\u00f6r\u00fcnt\u00fclerini kabul etmemiz asla m\u00fcmk\u00fcn de\u011fildir. Devletimizin bu konuda kararl\u0131 duru\u015fu vard\u0131r&#8221; denildi. Olay, 2 Haziran 2025 tarihinde Marmaris\u2019in Armutalan Mahallesi\u2019nde bulunan bir e\u011flence mekan\u0131nda meydana geldi&#8230;.<\/p>\n","protected":false},"author":1,"featured_media":41768,"comment_status":"open","ping_status":"open","sticky":false,"template":"","format":"standard","meta":{"_crdt_document":"","footnotes":""},"categories":[1],"tags":[],"class_list":["post-41767","post","type-post","status-publish","format-standard","has-post-thumbnail","hentry","category-guncel"],"_links":{"self":[{"href":"https:\/\/www.egemtv.com\/index.php?rest_route=\/wp\/v2\/posts\/41767","targetHints":{"allow":["GET"]}}],"collection":[{"href":"https:\/\/www.egemtv.com\/index.php?rest_route=\/wp\/v2\/posts"}],"about":[{"href":"https:\/\/www.egemtv.com\/index.php?rest_route=\/wp\/v2\/types\/post"}],"author":[{"embeddable":true,"href":"https:\/\/www.egemtv.com\/index.php?rest_route=\/wp\/v2\/users\/1"}],"replies":[{"embeddable":true,"href":"https:\/\/www.egemtv.com\/index.php?rest_route=%2Fwp%2Fv2%2Fcomments&post=41767"}],"version-history":[{"count":1,"href":"https:\/\/www.egemtv.com\/index.php?rest_route=\/wp\/v2\/posts\/41767\/revisions"}],"predecessor-version":[{"id":41769,"href":"https:\/\/www.egemtv.com\/index.php?rest_route=\/wp\/v2\/posts\/41767\/revisions\/41769"}],"wp:featuredmedia":[{"embeddable":true,"href":"https:\/\/www.egemtv.com\/index.php?rest_route=\/wp\/v2\/media\/41768"}],"wp:attachment":[{"href":"https:\/\/www.egemtv.com\/index.php?rest_route=%2Fwp%2Fv2%2Fmedia&parent=41767"}],"wp:term":[{"taxonomy":"category","embeddable":true,"href":"https:\/\/www.egemtv.com\/index.php?rest_route=%2Fwp%2Fv2%2Fcategories&post=41767"},{"taxonomy":"post_tag","embeddable":true,"href":"https:\/\/www.egemtv.com\/index.php?rest_route=%2Fwp%2Fv2%2Ftags&post=41767"}],"curies":[{"name":"wp","href":"https:\/\/api.w.org\/{rel}","templated":true}]}}