{"id":41764,"date":"2025-07-13T14:56:29","date_gmt":"2025-07-13T11:56:29","guid":{"rendered":"https:\/\/www.egemtv.com\/?p=41764"},"modified":"2025-07-13T14:56:33","modified_gmt":"2025-07-13T11:56:33","slug":"buharkentte-taze-incir-festivali-sporla-renklenecek","status":"publish","type":"post","link":"https:\/\/www.egemtv.com\/?p=41764","title":{"rendered":"Buharkent\u2019te Taze \u0130ncir Festivali sporla renklenecek"},"content":{"rendered":"<p>Ayd\u0131n\u2019\u0131n Buharkent il\u00e7esinde bu y\u0131l 18\u2019incisi d\u00fczenlenecek olan Geleneksel Taze \u0130ncir Festivali, yaln\u0131zca k\u00fclt\u00fcrel etkinliklerle de\u011fil, sporla da dolu dolu ge\u00e7ecek. Festival kapsam\u0131nda futbol, basketbol, voleybol ve su topu bran\u015flar\u0131nda \u2019Kentin \u00c7ocuklar\u0131 Turnuvalar\u0131\u2019 ger\u00e7ekle\u015ftirilecek.<\/p>\n<p>Buharkent Kaymakaml\u0131\u011f\u0131 ve Buharkent Belediyesi i\u015f birli\u011fiyle d\u00fczenlenen turnuvalar ile gen\u00e7lerin festival co\u015fkusuna sporla ortak olmas\u0131 hedeflenirken, ya\u015f gruplar\u0131na ve bran\u015flara g\u00f6re farkl\u0131 tarihlerde yap\u0131lacak m\u00fcsabakalara ba\u015fvurular ba\u015flad\u0131. Futbol Turnuvas\u0131, 21 Temmuz &#8211; 3 A\u011fustos 2025 tarihleri aras\u0131nda yap\u0131lacak. Turnuva, k\u00fc\u00e7\u00fck grup (6-10 ya\u015f) ve b\u00fcy\u00fck grup (10-13 ya\u015f) olmak \u00fczere iki kategoride d\u00fczenlenecek. Basketbol Turnuvas\u0131 ise 28 Temmuz &#8211; 1 A\u011fustos 2025 tarihleri aras\u0131nda yine ayn\u0131 ya\u015f kategorilerinde yap\u0131lacak. Voleybol Turnuvas\u0131 21 Temmuz &#8211; 3 A\u011fustos 2025 tarihleri aras\u0131nda ger\u00e7ekle\u015ftirilecek ve kat\u0131l\u0131mc\u0131lar\u0131n 1 Haziran 2025\u2019ten \u00f6nce Buharkent\u2019te ikamet ediyor olmas\u0131 \u015fart\u0131 aranacak. Su Topu Turnuvas\u0131 da ayn\u0131 tarihlerde yap\u0131lacak ve sadece 18 ya\u015f ve \u00fczeri bireylerin kat\u0131l\u0131m\u0131na a\u00e7\u0131k olacak. Turnuvaya kat\u0131lmak isteyenlerin 18 Temmuz 2025 tarihine kadar Buharkent Belediyesi K\u00fclt\u00fcr ve Sosyal \u0130\u015fler M\u00fcd\u00fcrl\u00fc\u011f\u00fc\u2019ne ba\u015fvuru yapmalar\u0131 gerekti\u011fi belirtildi.<\/p>\n<p>Buharkent Belediyesi\u2019nden yap\u0131lan a\u00e7\u0131klamada, &#8220;Sporu ve dayan\u0131\u015fmay\u0131 \u00f6n planda tutan bu turnuvalar, gen\u00e7lerin fiziksel geli\u015fimlerine katk\u0131 sa\u011flarken, festival co\u015fkusunu da peki\u015ftirecek. T\u00fcm gen\u00e7lerimizi bu heyecana ortak olmaya bekliyoruz&#8221; ifadelerine yer verildi.<br \/><\/p>\n","protected":false},"excerpt":{"rendered":"<p>Ayd\u0131n\u2019\u0131n Buharkent il\u00e7esinde bu y\u0131l 18\u2019incisi d\u00fczenlenecek olan Geleneksel Taze \u0130ncir Festivali, yaln\u0131zca k\u00fclt\u00fcrel etkinliklerle de\u011fil, sporla da dolu dolu ge\u00e7ecek. Festival kapsam\u0131nda futbol, basketbol, voleybol ve su topu bran\u015flar\u0131nda \u2019Kentin \u00c7ocuklar\u0131 Turnuvalar\u0131\u2019 ger\u00e7ekle\u015ftirilecek. Buharkent Kaymakaml\u0131\u011f\u0131 ve Buharkent Belediyesi i\u015f birli\u011fiyle d\u00fczenlenen turnuvalar ile gen\u00e7lerin festival co\u015fkusuna sporla ortak olmas\u0131 hedeflenirken, ya\u015f gruplar\u0131na ve bran\u015flara&#8230;<\/p>\n","protected":false},"author":1,"featured_media":41765,"comment_status":"open","ping_status":"open","sticky":false,"template":"","format":"standard","meta":{"_crdt_document":"","footnotes":""},"categories":[4],"tags":[],"class_list":["post-41764","post","type-post","status-publish","format-standard","has-post-thumbnail","hentry","category-spor"],"_links":{"self":[{"href":"https:\/\/www.egemtv.com\/index.php?rest_route=\/wp\/v2\/posts\/41764","targetHints":{"allow":["GET"]}}],"collection":[{"href":"https:\/\/www.egemtv.com\/index.php?rest_route=\/wp\/v2\/posts"}],"about":[{"href":"https:\/\/www.egemtv.com\/index.php?rest_route=\/wp\/v2\/types\/post"}],"author":[{"embeddable":true,"href":"https:\/\/www.egemtv.com\/index.php?rest_route=\/wp\/v2\/users\/1"}],"replies":[{"embeddable":true,"href":"https:\/\/www.egemtv.com\/index.php?rest_route=%2Fwp%2Fv2%2Fcomments&post=41764"}],"version-history":[{"count":1,"href":"https:\/\/www.egemtv.com\/index.php?rest_route=\/wp\/v2\/posts\/41764\/revisions"}],"predecessor-version":[{"id":41766,"href":"https:\/\/www.egemtv.com\/index.php?rest_route=\/wp\/v2\/posts\/41764\/revisions\/41766"}],"wp:featuredmedia":[{"embeddable":true,"href":"https:\/\/www.egemtv.com\/index.php?rest_route=\/wp\/v2\/media\/41765"}],"wp:attachment":[{"href":"https:\/\/www.egemtv.com\/index.php?rest_route=%2Fwp%2Fv2%2Fmedia&parent=41764"}],"wp:term":[{"taxonomy":"category","embeddable":true,"href":"https:\/\/www.egemtv.com\/index.php?rest_route=%2Fwp%2Fv2%2Fcategories&post=41764"},{"taxonomy":"post_tag","embeddable":true,"href":"https:\/\/www.egemtv.com\/index.php?rest_route=%2Fwp%2Fv2%2Ftags&post=41764"}],"curies":[{"name":"wp","href":"https:\/\/api.w.org\/{rel}","templated":true}]}}