{"id":41761,"date":"2025-07-13T14:56:25","date_gmt":"2025-07-13T11:56:25","guid":{"rendered":"https:\/\/www.egemtv.com\/?p=41761"},"modified":"2025-07-13T14:56:29","modified_gmt":"2025-07-13T11:56:29","slug":"bayraklinin-renkleri-cesmede-bulustu-60-sanatcidan-yagli-boya-sergisi","status":"publish","type":"post","link":"https:\/\/www.egemtv.com\/?p=41761","title":{"rendered":"&#8220;Bayrakl\u0131\u2019n\u0131n Renkleri&#8221; \u00c7e\u015fme\u2019de bulu\u015ftu: 60 sanat\u00e7\u0131dan ya\u011fl\u0131 boya sergisi"},"content":{"rendered":"<p>Bayrakl\u0131 Belediyesi K\u00fclt\u00fcr Merkezleri ve Kad\u0131n D\u00fcnyas\u0131 \u00e7at\u0131s\u0131 alt\u0131nda, ressam Endam Okuyucu\u2019dan resim e\u011fitimi alan kad\u0131nlar, sanat yolculuklar\u0131n\u0131 \u00c7e\u015fme\u2019ye ta\u015f\u0131d\u0131. Ressam ve e\u011fitmen Endam Okuyucu \u00f6nc\u00fcl\u00fc\u011f\u00fcnde haz\u0131rlanan &#8220;Bayrakl\u0131\u2019n\u0131n Renkleri&#8221; sergisi, 7 Temmuz\u2019da Aya Haralambos K\u00fclt\u00fcr Merkezi\u2019nde sanatseverlerle bulu\u015ftu. Sergi, bu ak\u015fam saat 20.00\u2019de sona erecek.<br \/>\n<br \/>Yakla\u015f\u0131k 60 kursiyerin eserinin yer ald\u0131\u011f\u0131 sergi, portreden do\u011fa betimlemelerine kadar geni\u015f bir yelpazede ya\u011fl\u0131 boya \u00e7al\u0131\u015fmalardan olu\u015fuyor. Sanat\u00e7\u0131lar\u0131n tamam\u0131, Bayrakl\u0131 Belediyesi\u2019nin k\u00fclt\u00fcr merkezleri ve Kad\u0131n D\u00fcnyas\u0131 projeleri kapsam\u0131nda d\u00fczenlenen resim at\u00f6lyelerinde e\u011fitim ald\u0131.<br \/>\n<br \/>&#8220;Birlikte \u00f6\u011freniyor, birlikte geli\u015fiyoruz&#8221; diyen ressam Endam Okuyucu, kad\u0131nlar\u0131n sanata kat\u0131l\u0131m\u0131n\u0131 destekleyen bu s\u00fcrecin sadece teknik bilgi de\u011fil, ayn\u0131 zamanda \u00f6zg\u00fcven kazand\u0131ran bir yolculuk oldu\u011funu belirtti. Bayrakl\u0131 Belediyesi\u2019nin sundu\u011fu imkanlarla kad\u0131nlar\u0131n \u00fcretim g\u00fcc\u00fcn\u00fc art\u0131rd\u0131\u011f\u0131n\u0131 vurgulayan Okuyucu, at\u00f6lyelerde yaln\u0131zca ya\u011fl\u0131 boya ile \u00e7al\u0131\u015f\u0131ld\u0131\u011f\u0131n\u0131n da alt\u0131n\u0131 \u00e7izerek \u015f\u00f6yle dedi:<br \/>\n<br \/>&#8220;Akrilik ya da ba\u015fka malzeme de\u011fil; yaln\u0131zca ya\u011fl\u0131 boya kullan\u0131yoruz. \u00c7\u00fcnk\u00fc bu malzeme, ifade g\u00fcc\u00fc a\u00e7\u0131s\u0131ndan daha derinlikli. Ticari de\u011fil, sanatsal \u00fcretime odaklan\u0131yoruz.&#8221;<br \/>\n<br \/>Endam Okuyucu, \u0130zmir\u2019de ya\u015fayan ressam ve sanat e\u011fitmenidir. Uzun y\u0131llard\u0131r Bayrakl\u0131 Belediyesi b\u00fcnyesinde k\u00fclt\u00fcr merkezlerinde ve Kad\u0131n D\u00fcnyas\u0131 projeleri kapsam\u0131nda ya\u011fl\u0131 boya at\u00f6lyeleri d\u00fczenlemektedir.<br \/>\n<br \/>Sanata olan tutkusunu kad\u0131nlarla payla\u015fmay\u0131 bir misyon haline getiren Okuyucu, klasik tekniklerle portre, do\u011fa ve fig\u00fcratif temalarda eserler \u00fcreten sanat\u00e7\u0131lar yeti\u015ftiriyor. &#8220;Sanat, kad\u0131nlar i\u00e7in g\u00fc\u00e7lendirici bir ara\u00e7t\u0131r&#8221; diyen Okuyucu, sanat \u00fcretiminde estetik, disiplin ve eme\u011fi \u00f6n planda tutarak e\u011fitimlerine Bayrakl\u0131\u2019da devam ediyor.<br \/><\/p>\n","protected":false},"excerpt":{"rendered":"<p>Bayrakl\u0131 Belediyesi K\u00fclt\u00fcr Merkezleri ve Kad\u0131n D\u00fcnyas\u0131 \u00e7at\u0131s\u0131 alt\u0131nda, ressam Endam Okuyucu\u2019dan resim e\u011fitimi alan kad\u0131nlar, sanat yolculuklar\u0131n\u0131 \u00c7e\u015fme\u2019ye ta\u015f\u0131d\u0131. Ressam ve e\u011fitmen Endam Okuyucu \u00f6nc\u00fcl\u00fc\u011f\u00fcnde haz\u0131rlanan &#8220;Bayrakl\u0131\u2019n\u0131n Renkleri&#8221; sergisi, 7 Temmuz\u2019da Aya Haralambos K\u00fclt\u00fcr Merkezi\u2019nde sanatseverlerle bulu\u015ftu. Sergi, bu ak\u015fam saat 20.00\u2019de sona erecek. Yakla\u015f\u0131k 60 kursiyerin eserinin yer ald\u0131\u011f\u0131 sergi, portreden do\u011fa betimlemelerine&#8230;<\/p>\n","protected":false},"author":1,"featured_media":41762,"comment_status":"open","ping_status":"open","sticky":false,"template":"","format":"standard","meta":{"_crdt_document":"","footnotes":""},"categories":[1],"tags":[],"class_list":["post-41761","post","type-post","status-publish","format-standard","has-post-thumbnail","hentry","category-guncel"],"_links":{"self":[{"href":"https:\/\/www.egemtv.com\/index.php?rest_route=\/wp\/v2\/posts\/41761","targetHints":{"allow":["GET"]}}],"collection":[{"href":"https:\/\/www.egemtv.com\/index.php?rest_route=\/wp\/v2\/posts"}],"about":[{"href":"https:\/\/www.egemtv.com\/index.php?rest_route=\/wp\/v2\/types\/post"}],"author":[{"embeddable":true,"href":"https:\/\/www.egemtv.com\/index.php?rest_route=\/wp\/v2\/users\/1"}],"replies":[{"embeddable":true,"href":"https:\/\/www.egemtv.com\/index.php?rest_route=%2Fwp%2Fv2%2Fcomments&post=41761"}],"version-history":[{"count":1,"href":"https:\/\/www.egemtv.com\/index.php?rest_route=\/wp\/v2\/posts\/41761\/revisions"}],"predecessor-version":[{"id":41763,"href":"https:\/\/www.egemtv.com\/index.php?rest_route=\/wp\/v2\/posts\/41761\/revisions\/41763"}],"wp:featuredmedia":[{"embeddable":true,"href":"https:\/\/www.egemtv.com\/index.php?rest_route=\/wp\/v2\/media\/41762"}],"wp:attachment":[{"href":"https:\/\/www.egemtv.com\/index.php?rest_route=%2Fwp%2Fv2%2Fmedia&parent=41761"}],"wp:term":[{"taxonomy":"category","embeddable":true,"href":"https:\/\/www.egemtv.com\/index.php?rest_route=%2Fwp%2Fv2%2Fcategories&post=41761"},{"taxonomy":"post_tag","embeddable":true,"href":"https:\/\/www.egemtv.com\/index.php?rest_route=%2Fwp%2Fv2%2Ftags&post=41761"}],"curies":[{"name":"wp","href":"https:\/\/api.w.org\/{rel}","templated":true}]}}