{"id":41758,"date":"2025-07-13T14:36:43","date_gmt":"2025-07-13T11:36:43","guid":{"rendered":"https:\/\/www.egemtv.com\/?p=41758"},"modified":"2025-07-13T14:36:50","modified_gmt":"2025-07-13T11:36:50","slug":"manisada-paranin-dogdugu-kent-unesco-listesinde","status":"publish","type":"post","link":"https:\/\/www.egemtv.com\/?p=41758","title":{"rendered":"Manisa\u2019da \u2019Paran\u0131n do\u011fdu\u011fu kent\u2019 UNESCO listesinde"},"content":{"rendered":"<p>Paris\u2019te d\u00fczenlenen UNESCO D\u00fcnya Miras Komitesi\u2019nin 47. Oturumunda Manisa\u2019n\u0131n Salihli il\u00e7esindeki paran\u0131n ilk bas\u0131ld\u0131\u011f\u0131 yer olarak bilinen Sardes Antik Kenti\u2019 ve Bin Tepeler Lidya T\u00fcm\u00fcl\u00fcsleri\u2019nin UNESCO D\u00fcnya Miras\u0131 Listesi\u2019ne resmen dahil edildi.<br \/>\n<br \/>Lidya Uygarl\u0131\u011f\u0131\u2019n\u0131n ba\u015fkenti ve madeni paran\u0131n bas\u0131ld\u0131\u011f\u0131 ilk yer olan Sardes ile 75 kilometrekarelik bir alanda bulunan 119 t\u00fcm\u00fcl\u00fcs\u00fcn yer al ald\u0131\u011f\u0131 Bin Tepe nekropol\u00fc, UNESCO D\u00fcnya Miras\u0131 Listesi\u2019ne dahil edildi.<br \/>\n<br \/>Al\u0131nan karar\u0131n Sardes\u2019in tan\u0131t\u0131m\u0131na \u00e7ok b\u00fcy\u00fck bir katk\u0131 sa\u011flayaca\u011f\u0131n\u0131 kaydeden Salihli Turizm Derne\u011fi Ba\u015fkan\u0131 Kadir Durmaz, &#8220;Sardes Antik Kenti ve Bin Tepeler Lidya T\u00fcm\u00fcl\u00fcsleri\u2019nin UNESCO Ge\u00e7ici Miras Listesi\u2019nden \u00e7\u0131kart\u0131l\u0131p D\u00fcnya Miras\u0131 Listesi\u2019ne al\u0131nmas\u0131 bizleri \u00e7ok mutlu etti. Sardes Antik Kenti \u00e7ok fazla bilinen bir yer olmas\u0131na ra\u011fmen tan\u0131t\u0131m noktas\u0131nda biraz s\u0131k\u0131nt\u0131m\u0131z vard\u0131. T\u00fcm\u00fcl\u00fcsleri\u2019nin UNESCO D\u00fcnya Miras\u0131 Listesi\u2019ne dahil edilmesi bu b\u00f6lgenin \u00f6nemini ve turistik a\u00e7\u0131dan de\u011ferini daha \u00e7ok artt\u0131racakt\u0131r. Sardes Antik Kenti ve Bin Tepeler Lidya T\u00fcm\u00fcl\u00fcsleri\u2019nin UNESCO ailesine kat\u0131larak 22. k\u00fclt\u00fcrel hazinemiz olmas\u0131 Sardes\u2019in hem T\u00fcrkiye\u2019de hem de D\u00fcnya\u2019da daha bilinir hale gelmesine katk\u0131 sa\u011flayacak. Dolay\u0131s\u0131yla Sardes\u2019in \u00f6nemi bir kat daha artm\u0131\u015f olacakt\u0131r&#8221; dedi.<br \/><\/p>\n","protected":false},"excerpt":{"rendered":"<p>Paris\u2019te d\u00fczenlenen UNESCO D\u00fcnya Miras Komitesi\u2019nin 47. Oturumunda Manisa\u2019n\u0131n Salihli il\u00e7esindeki paran\u0131n ilk bas\u0131ld\u0131\u011f\u0131 yer olarak bilinen Sardes Antik Kenti\u2019 ve Bin Tepeler Lidya T\u00fcm\u00fcl\u00fcsleri\u2019nin UNESCO D\u00fcnya Miras\u0131 Listesi\u2019ne resmen dahil edildi. Lidya Uygarl\u0131\u011f\u0131\u2019n\u0131n ba\u015fkenti ve madeni paran\u0131n bas\u0131ld\u0131\u011f\u0131 ilk yer olan Sardes ile 75 kilometrekarelik bir alanda bulunan 119 t\u00fcm\u00fcl\u00fcs\u00fcn yer al ald\u0131\u011f\u0131 Bin&#8230;<\/p>\n","protected":false},"author":1,"featured_media":41759,"comment_status":"open","ping_status":"open","sticky":false,"template":"","format":"standard","meta":{"_crdt_document":"","footnotes":""},"categories":[1],"tags":[],"class_list":["post-41758","post","type-post","status-publish","format-standard","has-post-thumbnail","hentry","category-guncel"],"_links":{"self":[{"href":"https:\/\/www.egemtv.com\/index.php?rest_route=\/wp\/v2\/posts\/41758","targetHints":{"allow":["GET"]}}],"collection":[{"href":"https:\/\/www.egemtv.com\/index.php?rest_route=\/wp\/v2\/posts"}],"about":[{"href":"https:\/\/www.egemtv.com\/index.php?rest_route=\/wp\/v2\/types\/post"}],"author":[{"embeddable":true,"href":"https:\/\/www.egemtv.com\/index.php?rest_route=\/wp\/v2\/users\/1"}],"replies":[{"embeddable":true,"href":"https:\/\/www.egemtv.com\/index.php?rest_route=%2Fwp%2Fv2%2Fcomments&post=41758"}],"version-history":[{"count":1,"href":"https:\/\/www.egemtv.com\/index.php?rest_route=\/wp\/v2\/posts\/41758\/revisions"}],"predecessor-version":[{"id":41760,"href":"https:\/\/www.egemtv.com\/index.php?rest_route=\/wp\/v2\/posts\/41758\/revisions\/41760"}],"wp:featuredmedia":[{"embeddable":true,"href":"https:\/\/www.egemtv.com\/index.php?rest_route=\/wp\/v2\/media\/41759"}],"wp:attachment":[{"href":"https:\/\/www.egemtv.com\/index.php?rest_route=%2Fwp%2Fv2%2Fmedia&parent=41758"}],"wp:term":[{"taxonomy":"category","embeddable":true,"href":"https:\/\/www.egemtv.com\/index.php?rest_route=%2Fwp%2Fv2%2Fcategories&post=41758"},{"taxonomy":"post_tag","embeddable":true,"href":"https:\/\/www.egemtv.com\/index.php?rest_route=%2Fwp%2Fv2%2Ftags&post=41758"}],"curies":[{"name":"wp","href":"https:\/\/api.w.org\/{rel}","templated":true}]}}