{"id":41752,"date":"2025-07-13T12:15:48","date_gmt":"2025-07-13T09:15:48","guid":{"rendered":"https:\/\/www.egemtv.com\/?p=41752"},"modified":"2025-07-13T12:15:51","modified_gmt":"2025-07-13T09:15:51","slug":"terlemeyle-kaybettigini-yerine-koy","status":"publish","type":"post","link":"https:\/\/www.egemtv.com\/?p=41752","title":{"rendered":"Terlemeyle kaybetti\u011fini yerine koy"},"content":{"rendered":"<p>N\u00f6roloji hastalar\u0131n\u0131n bir\u00e7o\u011funun ya\u015fl\u0131 hastalar\u0131n olu\u015fturdu\u011funu belirten Uz. Dr. Nigar Ahmadova, bu hastalar\u0131n \u00f6zellikle a\u015f\u0131r\u0131 s\u0131caklarda az su t\u00fcketiminden kaynaklanan \u015fikayetler sonucu acile ba\u015fvurduklar\u0131n\u0131 s\u00f6yledi. A\u015f\u0131r\u0131 s\u0131caklar\u0131n demanstan parkinsona n\u00f6rolojik hastal\u0131\u011f\u0131 olanlar i\u00e7in zorlay\u0131c\u0131 oldu\u011funu belirten Uz. Dr. Ahmadova, &#8220;Bu hastalar hastanelere bilin\u00e7 de\u011fi\u015fikli\u011fi, ba\u015f d\u00f6nmesi, halsizlik, bitkinlik \u015fikayetleriyle ba\u015fvuruyorlar. Alt\u0131ndan \u00e7ok terleyip az su t\u00fcketmek \u00e7\u0131k\u0131yor. Bu hastalar yeterli s\u0131v\u0131 almal\u0131, kendileri alam\u0131yorsa yak\u0131nlar\u0131 taraf\u0131ndan bu ihtiya\u00e7lar\u0131 kar\u015f\u0131lanmal\u0131. Kronik hastalarda az su i\u00e7mek ciddi sa\u011fl\u0131k sorunlar\u0131na neden olabiliyor&#8221; dedi.<br \/>\n<br \/>Ac\u0131badem Kent Hastanesi N\u00f6roloji Uzman\u0131 Dr. Nigar Ahmadova, normalin \u00fcst\u00fcnde seyreden hava s\u0131cakl\u0131klar\u0131 kar\u015f\u0131s\u0131nda hekimlerin takip hastalar\u0131n\u0131 uyarma ihtiyac\u0131 duydu\u011funu s\u00f6yledi. Terlemenin \u00e7ok oldu\u011fu bu s\u0131cak g\u00fcnlerde az su t\u00fcketiminin hastalar\u0131n s\u0131caktan \u00e7ok daha fazla etkilenmesine yol a\u00e7t\u0131\u011f\u0131n\u0131 belirten Uzm. Dr. Ahmadova, \u015f\u00f6yle konu\u015ftu:<\/p>\n<p>Sadece ila\u00e7 al\u0131rken su i\u00e7iyorlar<br \/>\n<br \/>&#8220;Herhangi bir sa\u011fl\u0131k sorunu olmayanlar\u0131n bile a\u015f\u0131r\u0131 terlemeye, elektrolit kayb\u0131na kar\u015f\u0131 su t\u00fcketimini art\u0131rmas\u0131n\u0131 gerektiren g\u00fcnlerden ge\u00e7iyoruz. Risk grubunda bebekler, ya\u015fl\u0131lar, \u00f6zellikle de kronik hastal\u0131klar\u0131, n\u00f6rolojik hastal\u0131klar\u0131 olanlar var. Bu s\u0131cak g\u00fcnlerde poliklinik ve acil servislere ba\u015fvurularda parkinson, demans, epilepsi, inme, multiple skleroz hastalar\u0131nda art\u0131\u015f var. Genel \u015fikayetleri hipotansiyon ( tansiyon d\u00fc\u015f\u00fckl\u00fc\u011f\u00fc) , buna ba\u011fl\u0131 bilin\u00e7 de\u011fi\u015fikli\u011fi, ba\u015f d\u00f6nmesi, halsizlik, bitkinlik. Bunun nedeni de dehidrasyon yani v\u00fccudun yeterli s\u0131v\u0131y\u0131 kaybetmesi. E\u011fer kronik hastalar yeterli miktarda s\u0131v\u0131 almazsa ortaya ciddi sa\u011fl\u0131k sorunlar\u0131 \u00e7\u0131kabiliyor. Dehidrasyon yetersiz su al\u0131m\u0131ndan kaynaklanabilece\u011fi gibi ishal, kusma, terleme ve baz\u0131 hastal\u0131klar sonucu da geli\u015febilir. Hastalar\u0131n anamnezlerini ald\u0131\u011f\u0131m\u0131zda su t\u00fcketimlerinin \u00e7ok az oldu\u011funu, sadece ila\u00e7lar\u0131n\u0131 al\u0131rken bir bardak su t\u00fckettiklerini \u00f6\u011freniyoruz. Bu \u00e7ok yetersiz bir miktar. B\u00f6yle durumlarda hastalar\u0131n bilinci uykuya meyilli oldu\u011fundan kendi rutin kulland\u0131klar\u0131 ila\u00e7lar\u0131n\u0131 da alam\u0131yorlar, bu da hastan\u0131n durumunun daha da k\u00f6t\u00fcle\u015fmesine neden oluyor. Yeterli su t\u00fcketmenin gereklili\u011fi bu s\u0131caklarda daha da \u00f6nem kazan\u0131yor. Ya\u015fl\u0131 hastalar\u0131n g\u00fcnde en az 1.5-2 litre su t\u00fcketmesini sa\u011flamak gerekiyor. Terlemeyle kaybedilen s\u0131v\u0131n\u0131n yerine koyulmas\u0131 \u00f6nemli. Ya\u015fl\u0131 hastalar\u0131m\u0131z yeterli su i\u00e7miyorsa, bir bebek gibi d\u00fc\u015f\u00fcn\u00fclmeli ve yak\u0131nlar\u0131 taraf\u0131ndan bu ihtiya\u00e7lar\u0131 kar\u015f\u0131lanmal\u0131&#8221; diye konu\u015ftu.<\/p>\n<p>Gen\u00e7 hastalara da \u00f6nemli uyar\u0131<br \/>\n<br \/>\u00d6te yandan Uzm. Dr. Ahmadova, a\u015f\u0131r\u0131 s\u0131caklarda migren ataklar\u0131n\u0131n art\u0131p, epilepsi n\u00f6betlerinin tetiklenebilece\u011fine, parkinson hastal\u0131\u011f\u0131n\u0131n motor semptomlar\u0131n\u0131n \u015fiddetlenebilece\u011fine de dikkat \u00e7ekti. Yaz d\u00f6neminde s\u0131caklardan en \u00e7ok etkilenen hasta gruplar\u0131ndan birinin de multiple skleroz hastalar\u0131 oldu\u011funu belirten Uzm. Dr. Ahmadova, MS hastalar\u0131n\u0131n bir\u00e7o\u011funun gen\u00e7 oldu\u011funu ve s\u0131caktan, g\u00fcne\u015ften korunma konusunda tedbirsiz davrand\u0131klar\u0131n\u0131 belirterek, \u015fu uyar\u0131larda bulundu:<br \/>\n<br \/>&#8220;Gen\u00e7 hastalar\u0131m\u0131za da kesinlikle 12.00-18.00 saatleri aras\u0131nda kendilerini g\u00fcne\u015ften korumalar\u0131n\u0131 \u00f6neriyorum. Bu saatler aras\u0131nda deniz kenar\u0131nda bile olsalar mutlaka g\u00f6lgede kalmal\u0131lar. Denizde ya da havuzda y\u00fczerken a\u015f\u0131r\u0131 s\u0131caktan, g\u00fcne\u015f \u00e7arpmas\u0131ndan kendilerini korumalar\u0131 ve ila\u00e7lar\u0131n\u0131 d\u00fczenli kullanmalar\u0131 gereklidir, \u00f6nemlidir, hayatidir.&#8221; dedi.<br \/><\/p>\n","protected":false},"excerpt":{"rendered":"<p>N\u00f6roloji hastalar\u0131n\u0131n bir\u00e7o\u011funun ya\u015fl\u0131 hastalar\u0131n olu\u015fturdu\u011funu belirten Uz. Dr. Nigar Ahmadova, bu hastalar\u0131n \u00f6zellikle a\u015f\u0131r\u0131 s\u0131caklarda az su t\u00fcketiminden kaynaklanan \u015fikayetler sonucu acile ba\u015fvurduklar\u0131n\u0131 s\u00f6yledi. A\u015f\u0131r\u0131 s\u0131caklar\u0131n demanstan parkinsona n\u00f6rolojik hastal\u0131\u011f\u0131 olanlar i\u00e7in zorlay\u0131c\u0131 oldu\u011funu belirten Uz. Dr. Ahmadova, &#8220;Bu hastalar hastanelere bilin\u00e7 de\u011fi\u015fikli\u011fi, ba\u015f d\u00f6nmesi, halsizlik, bitkinlik \u015fikayetleriyle ba\u015fvuruyorlar. Alt\u0131ndan \u00e7ok terleyip az su&#8230;<\/p>\n","protected":false},"author":1,"featured_media":41753,"comment_status":"open","ping_status":"open","sticky":false,"template":"","format":"standard","meta":{"_crdt_document":"","footnotes":""},"categories":[2],"tags":[],"class_list":["post-41752","post","type-post","status-publish","format-standard","has-post-thumbnail","hentry","category-saglik"],"_links":{"self":[{"href":"https:\/\/www.egemtv.com\/index.php?rest_route=\/wp\/v2\/posts\/41752","targetHints":{"allow":["GET"]}}],"collection":[{"href":"https:\/\/www.egemtv.com\/index.php?rest_route=\/wp\/v2\/posts"}],"about":[{"href":"https:\/\/www.egemtv.com\/index.php?rest_route=\/wp\/v2\/types\/post"}],"author":[{"embeddable":true,"href":"https:\/\/www.egemtv.com\/index.php?rest_route=\/wp\/v2\/users\/1"}],"replies":[{"embeddable":true,"href":"https:\/\/www.egemtv.com\/index.php?rest_route=%2Fwp%2Fv2%2Fcomments&post=41752"}],"version-history":[{"count":1,"href":"https:\/\/www.egemtv.com\/index.php?rest_route=\/wp\/v2\/posts\/41752\/revisions"}],"predecessor-version":[{"id":41754,"href":"https:\/\/www.egemtv.com\/index.php?rest_route=\/wp\/v2\/posts\/41752\/revisions\/41754"}],"wp:featuredmedia":[{"embeddable":true,"href":"https:\/\/www.egemtv.com\/index.php?rest_route=\/wp\/v2\/media\/41753"}],"wp:attachment":[{"href":"https:\/\/www.egemtv.com\/index.php?rest_route=%2Fwp%2Fv2%2Fmedia&parent=41752"}],"wp:term":[{"taxonomy":"category","embeddable":true,"href":"https:\/\/www.egemtv.com\/index.php?rest_route=%2Fwp%2Fv2%2Fcategories&post=41752"},{"taxonomy":"post_tag","embeddable":true,"href":"https:\/\/www.egemtv.com\/index.php?rest_route=%2Fwp%2Fv2%2Ftags&post=41752"}],"curies":[{"name":"wp","href":"https:\/\/api.w.org\/{rel}","templated":true}]}}