{"id":41746,"date":"2025-07-13T12:15:38","date_gmt":"2025-07-13T09:15:38","guid":{"rendered":"https:\/\/www.egemtv.com\/?p=41746"},"modified":"2025-07-13T12:15:43","modified_gmt":"2025-07-13T09:15:43","slug":"kutahyada-kacak-parfum-operasyonu","status":"publish","type":"post","link":"https:\/\/www.egemtv.com\/?p=41746","title":{"rendered":"K\u00fctahya\u2019da ka\u00e7ak parf\u00fcm operasyonu"},"content":{"rendered":"<p>K\u00fctahya \u0130l Emniyet M\u00fcd\u00fcrl\u00fc\u011f\u00fc Ka\u00e7ak\u00e7\u0131l\u0131k ve Organize Su\u00e7larla M\u00fccadele \u015eube M\u00fcd\u00fcrl\u00fc\u011f\u00fc ekipleri, ka\u00e7ak\u00e7\u0131l\u0131kla m\u00fccadele kapsam\u0131nda y\u00fcr\u00fctt\u00fckleri \u00e7al\u0131\u015fmalar do\u011frultusunda \u00f6nemli bir operasyona imza att\u0131.<br \/>\n<br \/>Yap\u0131lan istihbari \u00e7al\u0131\u015fmalar sonucunda, yurt d\u0131\u015f\u0131ndan yasa d\u0131\u015f\u0131 yollarla \u00fclkeye sokulan parf\u00fcmleri piyasaya s\u00fcrerek haks\u0131z kazan\u00e7 sa\u011flad\u0131\u011f\u0131 tespit edilen M.B. isimli \u015fahs\u0131n kulland\u0131\u011f\u0131 ara\u00e7 uygulama noktas\u0131nda durduruldu. Ara\u00e7ta ger\u00e7ekle\u015ftirilen aramada, 79 adet g\u00fcmr\u00fck ka\u00e7a\u011f\u0131 parf\u00fcm ele ge\u00e7irildi.<br \/>\n<br \/>\u015e\u00fcpheli hakk\u0131nda 5607 Say\u0131l\u0131 Ka\u00e7ak\u00e7\u0131l\u0131kla M\u00fccadele Kanunu kapsam\u0131nda adli i\u015flem ba\u015flat\u0131ld\u0131.<br \/><\/p>\n","protected":false},"excerpt":{"rendered":"<p>K\u00fctahya \u0130l Emniyet M\u00fcd\u00fcrl\u00fc\u011f\u00fc Ka\u00e7ak\u00e7\u0131l\u0131k ve Organize Su\u00e7larla M\u00fccadele \u015eube M\u00fcd\u00fcrl\u00fc\u011f\u00fc ekipleri, ka\u00e7ak\u00e7\u0131l\u0131kla m\u00fccadele kapsam\u0131nda y\u00fcr\u00fctt\u00fckleri \u00e7al\u0131\u015fmalar do\u011frultusunda \u00f6nemli bir operasyona imza att\u0131. Yap\u0131lan istihbari \u00e7al\u0131\u015fmalar sonucunda, yurt d\u0131\u015f\u0131ndan yasa d\u0131\u015f\u0131 yollarla \u00fclkeye sokulan parf\u00fcmleri piyasaya s\u00fcrerek haks\u0131z kazan\u00e7 sa\u011flad\u0131\u011f\u0131 tespit edilen M.B. isimli \u015fahs\u0131n kulland\u0131\u011f\u0131 ara\u00e7 uygulama noktas\u0131nda durduruldu. Ara\u00e7ta ger\u00e7ekle\u015ftirilen aramada, 79 adet&#8230;<\/p>\n","protected":false},"author":1,"featured_media":41747,"comment_status":"open","ping_status":"open","sticky":false,"template":"","format":"standard","meta":{"_crdt_document":"","footnotes":""},"categories":[5],"tags":[],"class_list":["post-41746","post","type-post","status-publish","format-standard","has-post-thumbnail","hentry","category-asayis"],"_links":{"self":[{"href":"https:\/\/www.egemtv.com\/index.php?rest_route=\/wp\/v2\/posts\/41746","targetHints":{"allow":["GET"]}}],"collection":[{"href":"https:\/\/www.egemtv.com\/index.php?rest_route=\/wp\/v2\/posts"}],"about":[{"href":"https:\/\/www.egemtv.com\/index.php?rest_route=\/wp\/v2\/types\/post"}],"author":[{"embeddable":true,"href":"https:\/\/www.egemtv.com\/index.php?rest_route=\/wp\/v2\/users\/1"}],"replies":[{"embeddable":true,"href":"https:\/\/www.egemtv.com\/index.php?rest_route=%2Fwp%2Fv2%2Fcomments&post=41746"}],"version-history":[{"count":1,"href":"https:\/\/www.egemtv.com\/index.php?rest_route=\/wp\/v2\/posts\/41746\/revisions"}],"predecessor-version":[{"id":41748,"href":"https:\/\/www.egemtv.com\/index.php?rest_route=\/wp\/v2\/posts\/41746\/revisions\/41748"}],"wp:featuredmedia":[{"embeddable":true,"href":"https:\/\/www.egemtv.com\/index.php?rest_route=\/wp\/v2\/media\/41747"}],"wp:attachment":[{"href":"https:\/\/www.egemtv.com\/index.php?rest_route=%2Fwp%2Fv2%2Fmedia&parent=41746"}],"wp:term":[{"taxonomy":"category","embeddable":true,"href":"https:\/\/www.egemtv.com\/index.php?rest_route=%2Fwp%2Fv2%2Fcategories&post=41746"},{"taxonomy":"post_tag","embeddable":true,"href":"https:\/\/www.egemtv.com\/index.php?rest_route=%2Fwp%2Fv2%2Ftags&post=41746"}],"curies":[{"name":"wp","href":"https:\/\/api.w.org\/{rel}","templated":true}]}}