{"id":41743,"date":"2025-07-13T11:58:55","date_gmt":"2025-07-13T08:58:55","guid":{"rendered":"https:\/\/www.egemtv.com\/?p=41743"},"modified":"2025-07-13T11:59:00","modified_gmt":"2025-07-13T08:59:00","slug":"sarigolde-erkenci-uzumler-hasat-ediliyor","status":"publish","type":"post","link":"https:\/\/www.egemtv.com\/?p=41743","title":{"rendered":"Sar\u0131g\u00f6l\u2019de erkenci \u00fcz\u00fcmler hasat ediliyor"},"content":{"rendered":"<p>MAN\u0130SA (\u0130HA) \u2013 T\u00fcrkiye\u2019nin \u00fcz\u00fcm \u00fcretiminde en \u00f6nde gelen \u015fehirlerinden biri olan Manisa\u2019n\u0131n Sar\u0131g\u00f6l il\u00e7esinde erkenci t\u00fcrler olan &#8220;Superior Seedless&#8221; ve &#8220;Trakya \u0130lkeren&#8221; cinsinde hasat ba\u015flatt\u0131.<br \/>\n<br \/>Sar\u0131g\u00f6l il\u00e7esi ve \u00e7evresinde 2025 y\u0131l\u0131 erkence \u00fcz\u00fcm hasad\u0131na ba\u015fland\u0131. Sabah\u0131n erken saatlerinden itibaren ba\u011flara giren \u00fcreticiler, sezonun ilk kesimlerini ger\u00e7ekle\u015ftirdi. Kesilen \u00fcz\u00fcmler i\u00e7 piyasaya sevk edilirken, ihracat i\u00e7in geri say\u0131m ba\u015flad\u0131. Sar\u0131g\u00f6l ve \u00e7evresinde &#8220;Superior Seedless&#8221; \u00fcz\u00fcm\u00fcn kilogram fiyat\u0131 50 ila 60 TL aras\u0131nda al\u0131c\u0131 buluyor. \u00dcz\u00fcm eksperi Mustafa \u00c7al\u0131k, sezonla ilgili yapt\u0131\u011f\u0131 a\u00e7\u0131klamada, &#8220;\u0130\u00e7 piyasaya y\u00f6nelik erkenci \u00fcz\u00fcm kesimlerimiz ba\u015flad\u0131. \u0130hracat i\u00e7in resmi kesim tarihi 15 Temmuz, sevkiyat ise 16 Temmuz\u2019da ba\u015flayacak. Erkenci \u00fcz\u00fcm hasad\u0131 Temmuz sonuna kadar s\u00fcrecek. Ard\u0131ndan Sultaniye \u00fcz\u00fcm hasad\u0131 20 A\u011fustos\u2019ta ba\u015flayacak ve Aral\u0131k ay\u0131 sonuna kadar devam edecek. Bu s\u00fcrecin uzamas\u0131nda \u00f6rt\u00fc alt\u0131 \u00fcretimin b\u00fcy\u00fck pay\u0131 var. Yeni sezonun t\u00fcm \u00fcreticilerimize hay\u0131rl\u0131 olmas\u0131n\u0131 diliyoruz&#8221; dedi.<br \/><\/p>\n","protected":false},"excerpt":{"rendered":"<p>MAN\u0130SA (\u0130HA) \u2013 T\u00fcrkiye\u2019nin \u00fcz\u00fcm \u00fcretiminde en \u00f6nde gelen \u015fehirlerinden biri olan Manisa\u2019n\u0131n Sar\u0131g\u00f6l il\u00e7esinde erkenci t\u00fcrler olan &#8220;Superior Seedless&#8221; ve &#8220;Trakya \u0130lkeren&#8221; cinsinde hasat ba\u015flatt\u0131. Sar\u0131g\u00f6l il\u00e7esi ve \u00e7evresinde 2025 y\u0131l\u0131 erkence \u00fcz\u00fcm hasad\u0131na ba\u015fland\u0131. Sabah\u0131n erken saatlerinden itibaren ba\u011flara giren \u00fcreticiler, sezonun ilk kesimlerini ger\u00e7ekle\u015ftirdi. Kesilen \u00fcz\u00fcmler i\u00e7 piyasaya sevk edilirken, ihracat i\u00e7in&#8230;<\/p>\n","protected":false},"author":1,"featured_media":41744,"comment_status":"open","ping_status":"open","sticky":false,"template":"","format":"standard","meta":{"_crdt_document":"","footnotes":""},"categories":[125],"tags":[],"class_list":["post-41743","post","type-post","status-publish","format-standard","has-post-thumbnail","hentry","category-ekonomi"],"_links":{"self":[{"href":"https:\/\/www.egemtv.com\/index.php?rest_route=\/wp\/v2\/posts\/41743","targetHints":{"allow":["GET"]}}],"collection":[{"href":"https:\/\/www.egemtv.com\/index.php?rest_route=\/wp\/v2\/posts"}],"about":[{"href":"https:\/\/www.egemtv.com\/index.php?rest_route=\/wp\/v2\/types\/post"}],"author":[{"embeddable":true,"href":"https:\/\/www.egemtv.com\/index.php?rest_route=\/wp\/v2\/users\/1"}],"replies":[{"embeddable":true,"href":"https:\/\/www.egemtv.com\/index.php?rest_route=%2Fwp%2Fv2%2Fcomments&post=41743"}],"version-history":[{"count":1,"href":"https:\/\/www.egemtv.com\/index.php?rest_route=\/wp\/v2\/posts\/41743\/revisions"}],"predecessor-version":[{"id":41745,"href":"https:\/\/www.egemtv.com\/index.php?rest_route=\/wp\/v2\/posts\/41743\/revisions\/41745"}],"wp:featuredmedia":[{"embeddable":true,"href":"https:\/\/www.egemtv.com\/index.php?rest_route=\/wp\/v2\/media\/41744"}],"wp:attachment":[{"href":"https:\/\/www.egemtv.com\/index.php?rest_route=%2Fwp%2Fv2%2Fmedia&parent=41743"}],"wp:term":[{"taxonomy":"category","embeddable":true,"href":"https:\/\/www.egemtv.com\/index.php?rest_route=%2Fwp%2Fv2%2Fcategories&post=41743"},{"taxonomy":"post_tag","embeddable":true,"href":"https:\/\/www.egemtv.com\/index.php?rest_route=%2Fwp%2Fv2%2Ftags&post=41743"}],"curies":[{"name":"wp","href":"https:\/\/api.w.org\/{rel}","templated":true}]}}