{"id":41740,"date":"2025-07-13T11:36:08","date_gmt":"2025-07-13T08:36:08","guid":{"rendered":"https:\/\/www.egemtv.com\/?p=41740"},"modified":"2025-07-13T11:36:11","modified_gmt":"2025-07-13T08:36:11","slug":"motosiklet-surucusu-ile-yaya-arasinda-cikan-kavgada-tekme-ve-yumruklar-havada-ucustu","status":"publish","type":"post","link":"https:\/\/www.egemtv.com\/?p=41740","title":{"rendered":"Motosiklet s\u00fcr\u00fcc\u00fcs\u00fc ile yaya aras\u0131nda \u00e7\u0131kan kavgada tekme ve yumruklar havada u\u00e7u\u015ftu"},"content":{"rendered":"<p>Isparta\u2019da seyir halindeki bir motosiklet s\u00fcr\u00fcc\u00fcs\u00fc ile yolun kar\u015f\u0131s\u0131na ge\u00e7meye \u00e7al\u0131\u015fan yaya aras\u0131nda ba\u015flayan s\u00f6zl\u00fc tart\u0131\u015fma k\u0131sa s\u00fcrede kavgaya d\u00f6n\u00fc\u015ft\u00fc. Tekme ve yumruklar\u0131n havada u\u00e7u\u015ftu\u011fu olayda bir ki\u015fi yaralan\u0131rken, taraflar\u0131n birbirinden \u015fik\u00e2yet\u00e7i olmad\u0131\u011f\u0131 \u00f6\u011frenildi. Kavga an\u0131 ise \u00e7evredeki bir i\u015f yerinin g\u00fcvenlik kameras\u0131na saniye saniye yans\u0131d\u0131.<br \/>\n<br \/>Olay, saat 21.20 s\u0131ralar\u0131nda Isparta\u2019n\u0131n Pirimehmet Mahallesi Mimar Sinan Caddesi \u00fczerinde meydana geldi. Edinilen bilgilere g\u00f6re, seyir halindeki bir motosiklet s\u00fcr\u00fcc\u00fcs\u00fc ile yolun kar\u015f\u0131 taraf\u0131na ge\u00e7mekte olan bir yaya aras\u0131nda hen\u00fcz bilinmeyen bir nedenle tart\u0131\u015fma \u00e7\u0131kt\u0131. S\u00f6zl\u00fc at\u0131\u015fmayla ba\u015flayan gerilim k\u0131sa s\u00fcrede b\u00fcy\u00fcyerek kavgaya d\u00f6n\u00fc\u015ft\u00fc. \u00c7evredeki vatanda\u015flar\u0131n m\u00fcdahalesiyle g\u00fc\u00e7l\u00fckle yat\u0131\u015ft\u0131r\u0131lan kavga, bir s\u00fcre sonra yeniden alevlendi. Bu kez tekmelerin ve yumruklar\u0131n da devreye girmesiyle sert bir arbede ya\u015fand\u0131. Kavga s\u0131ras\u0131nda bir ki\u015fi ald\u0131\u011f\u0131 darbelerle yaraland\u0131. \u0130hbar \u00fczerine olay yerine sa\u011fl\u0131k ve polis ekipleri sevk edildi. Yaral\u0131 \u015fah\u0131s, olay yerindeki ilk m\u00fcdahalenin ard\u0131ndan ambulansla hastaneye kald\u0131r\u0131ld\u0131. Olayda taraflar\u0131n birbirinden \u015fik\u00e2yet\u00e7i olmad\u0131\u011f\u0131 \u00f6\u011frenilirken, kavga an\u0131 \u00e7evredeki bir i\u015f yerinin g\u00fcvenlik kameras\u0131na saniye saniye yans\u0131d\u0131.<br \/><\/p>\n","protected":false},"excerpt":{"rendered":"<p>Isparta\u2019da seyir halindeki bir motosiklet s\u00fcr\u00fcc\u00fcs\u00fc ile yolun kar\u015f\u0131s\u0131na ge\u00e7meye \u00e7al\u0131\u015fan yaya aras\u0131nda ba\u015flayan s\u00f6zl\u00fc tart\u0131\u015fma k\u0131sa s\u00fcrede kavgaya d\u00f6n\u00fc\u015ft\u00fc. Tekme ve yumruklar\u0131n havada u\u00e7u\u015ftu\u011fu olayda bir ki\u015fi yaralan\u0131rken, taraflar\u0131n birbirinden \u015fik\u00e2yet\u00e7i olmad\u0131\u011f\u0131 \u00f6\u011frenildi. Kavga an\u0131 ise \u00e7evredeki bir i\u015f yerinin g\u00fcvenlik kameras\u0131na saniye saniye yans\u0131d\u0131. Olay, saat 21.20 s\u0131ralar\u0131nda Isparta\u2019n\u0131n Pirimehmet Mahallesi Mimar Sinan&#8230;<\/p>\n","protected":false},"author":1,"featured_media":41741,"comment_status":"open","ping_status":"open","sticky":false,"template":"","format":"standard","meta":{"_crdt_document":"","footnotes":""},"categories":[5],"tags":[],"class_list":["post-41740","post","type-post","status-publish","format-standard","has-post-thumbnail","hentry","category-asayis"],"_links":{"self":[{"href":"https:\/\/www.egemtv.com\/index.php?rest_route=\/wp\/v2\/posts\/41740","targetHints":{"allow":["GET"]}}],"collection":[{"href":"https:\/\/www.egemtv.com\/index.php?rest_route=\/wp\/v2\/posts"}],"about":[{"href":"https:\/\/www.egemtv.com\/index.php?rest_route=\/wp\/v2\/types\/post"}],"author":[{"embeddable":true,"href":"https:\/\/www.egemtv.com\/index.php?rest_route=\/wp\/v2\/users\/1"}],"replies":[{"embeddable":true,"href":"https:\/\/www.egemtv.com\/index.php?rest_route=%2Fwp%2Fv2%2Fcomments&post=41740"}],"version-history":[{"count":1,"href":"https:\/\/www.egemtv.com\/index.php?rest_route=\/wp\/v2\/posts\/41740\/revisions"}],"predecessor-version":[{"id":41742,"href":"https:\/\/www.egemtv.com\/index.php?rest_route=\/wp\/v2\/posts\/41740\/revisions\/41742"}],"wp:featuredmedia":[{"embeddable":true,"href":"https:\/\/www.egemtv.com\/index.php?rest_route=\/wp\/v2\/media\/41741"}],"wp:attachment":[{"href":"https:\/\/www.egemtv.com\/index.php?rest_route=%2Fwp%2Fv2%2Fmedia&parent=41740"}],"wp:term":[{"taxonomy":"category","embeddable":true,"href":"https:\/\/www.egemtv.com\/index.php?rest_route=%2Fwp%2Fv2%2Fcategories&post=41740"},{"taxonomy":"post_tag","embeddable":true,"href":"https:\/\/www.egemtv.com\/index.php?rest_route=%2Fwp%2Fv2%2Ftags&post=41740"}],"curies":[{"name":"wp","href":"https:\/\/api.w.org\/{rel}","templated":true}]}}