{"id":41734,"date":"2025-07-13T11:15:43","date_gmt":"2025-07-13T08:15:43","guid":{"rendered":"https:\/\/www.egemtv.com\/?p=41734"},"modified":"2025-07-13T11:15:45","modified_gmt":"2025-07-13T08:15:45","slug":"sahil-guvenlik-hem-denizde-hem-de-karada-yakaladi","status":"publish","type":"post","link":"https:\/\/www.egemtv.com\/?p=41734","title":{"rendered":"Sahil G\u00fcvenlik hem denizde, hem de karada yakalad\u0131"},"content":{"rendered":"<p>\u0130zmir\u2019in \u00c7e\u015fme il\u00e7esi a\u00e7\u0131klar\u0131ndan yasa d\u0131\u015f\u0131 yollarla yurt d\u0131\u015f\u0131na \u00e7\u0131kmaya \u00e7al\u0131\u015fan 44 d\u00fczensiz g\u00f6\u00e7men yakalayan Sahil G\u00fcvenlik ekipleri, Dikili il\u00e7esinde de kara \u00fczerinde 19 g\u00f6\u00e7men yakalad\u0131.<br \/>\n<br \/>Sahil G\u00fcvenlik Komutanl\u0131\u011f\u0131 ekipleri, 11 Temmuz saat 01.10\u2019da, \u00c7e\u015fme il\u00e7esinde g\u00f6revli Sahil G\u00fcvenlik Mobil Radar\u0131 (MORAD-11) taraf\u0131ndan lastik bot i\u00e7erisinde bir grup d\u00fczensiz g\u00f6\u00e7men oldu\u011funun tespit edilmesi \u00fczerine harekete ge\u00e7ti. G\u00f6revlendirilen Sahil G\u00fcvenlik botlar\u0131 taraf\u0131ndan hareketli lastik bot durdurularak i\u00e7erisindeki 5\u2019i \u00e7ocuk 44 d\u00fczensiz g\u00f6\u00e7men yakaland\u0131.<br \/>\n<br \/>Ekipler ayn\u0131 g\u00fcn saat 10.15\u2019te, Dikili il\u00e7esi Denizk\u00f6y mevkiinde bir grup d\u00fczensiz g\u00f6\u00e7men oldu\u011fu bilgisinin al\u0131nmas\u0131 \u00fczerine harekete ge\u00e7ti. G\u00f6revlendirilen Sahil G\u00fcvenlik Kolluk Destek Timi (Dikili\/Koldestim) ve \u00c7andarl\u0131 Jandarma Karakol Komutanl\u0131\u011f\u0131 personelleri taraf\u0131ndan 5\u2019i \u00e7ocuk 19 d\u00fczensiz g\u00f6\u00e7men kara \u00fczerinde yakaland\u0131.<br \/>\n<br \/>Sa\u011fl\u0131k kontrolleri ve i\u015flemlerinin ard\u0131ndan g\u00f6\u00e7menler, \u0130l G\u00f6\u00e7 \u0130daresi M\u00fcd\u00fcrl\u00fc\u011f\u00fcne sevk edildi.<br \/><\/p>\n","protected":false},"excerpt":{"rendered":"<p>\u0130zmir\u2019in \u00c7e\u015fme il\u00e7esi a\u00e7\u0131klar\u0131ndan yasa d\u0131\u015f\u0131 yollarla yurt d\u0131\u015f\u0131na \u00e7\u0131kmaya \u00e7al\u0131\u015fan 44 d\u00fczensiz g\u00f6\u00e7men yakalayan Sahil G\u00fcvenlik ekipleri, Dikili il\u00e7esinde de kara \u00fczerinde 19 g\u00f6\u00e7men yakalad\u0131. Sahil G\u00fcvenlik Komutanl\u0131\u011f\u0131 ekipleri, 11 Temmuz saat 01.10\u2019da, \u00c7e\u015fme il\u00e7esinde g\u00f6revli Sahil G\u00fcvenlik Mobil Radar\u0131 (MORAD-11) taraf\u0131ndan lastik bot i\u00e7erisinde bir grup d\u00fczensiz g\u00f6\u00e7men oldu\u011funun tespit edilmesi \u00fczerine harekete&#8230;<\/p>\n","protected":false},"author":1,"featured_media":41735,"comment_status":"open","ping_status":"open","sticky":false,"template":"","format":"standard","meta":{"_crdt_document":"","footnotes":""},"categories":[5],"tags":[],"class_list":["post-41734","post","type-post","status-publish","format-standard","has-post-thumbnail","hentry","category-asayis"],"_links":{"self":[{"href":"https:\/\/www.egemtv.com\/index.php?rest_route=\/wp\/v2\/posts\/41734","targetHints":{"allow":["GET"]}}],"collection":[{"href":"https:\/\/www.egemtv.com\/index.php?rest_route=\/wp\/v2\/posts"}],"about":[{"href":"https:\/\/www.egemtv.com\/index.php?rest_route=\/wp\/v2\/types\/post"}],"author":[{"embeddable":true,"href":"https:\/\/www.egemtv.com\/index.php?rest_route=\/wp\/v2\/users\/1"}],"replies":[{"embeddable":true,"href":"https:\/\/www.egemtv.com\/index.php?rest_route=%2Fwp%2Fv2%2Fcomments&post=41734"}],"version-history":[{"count":1,"href":"https:\/\/www.egemtv.com\/index.php?rest_route=\/wp\/v2\/posts\/41734\/revisions"}],"predecessor-version":[{"id":41736,"href":"https:\/\/www.egemtv.com\/index.php?rest_route=\/wp\/v2\/posts\/41734\/revisions\/41736"}],"wp:featuredmedia":[{"embeddable":true,"href":"https:\/\/www.egemtv.com\/index.php?rest_route=\/wp\/v2\/media\/41735"}],"wp:attachment":[{"href":"https:\/\/www.egemtv.com\/index.php?rest_route=%2Fwp%2Fv2%2Fmedia&parent=41734"}],"wp:term":[{"taxonomy":"category","embeddable":true,"href":"https:\/\/www.egemtv.com\/index.php?rest_route=%2Fwp%2Fv2%2Fcategories&post=41734"},{"taxonomy":"post_tag","embeddable":true,"href":"https:\/\/www.egemtv.com\/index.php?rest_route=%2Fwp%2Fv2%2Ftags&post=41734"}],"curies":[{"name":"wp","href":"https:\/\/api.w.org\/{rel}","templated":true}]}}