{"id":41731,"date":"2025-07-13T11:15:37","date_gmt":"2025-07-13T08:15:37","guid":{"rendered":"https:\/\/www.egemtv.com\/?p=41731"},"modified":"2025-07-13T11:15:43","modified_gmt":"2025-07-13T08:15:43","slug":"cinede-jandarmadan-sulak-ve-ormanlik-alanlara-siki-denetim","status":"publish","type":"post","link":"https:\/\/www.egemtv.com\/?p=41731","title":{"rendered":"\u00c7ine\u2019de jandarmadan sulak ve ormanl\u0131k alanlara s\u0131k\u0131 denetim"},"content":{"rendered":"<p>Ayd\u0131n\u2019\u0131n \u00c7ine il\u00e7esinde jandarma ekipleri, suda bo\u011fulma ve orman yang\u0131nlar\u0131n\u0131n \u00f6nlenmesine y\u00f6nelik kapsaml\u0131 bir denetim ger\u00e7ekle\u015ftirdi.<\/p>\n<p>\u00c7ine \u0130l\u00e7e Jandarma Komutanl\u0131\u011f\u0131 taraf\u0131ndan Kav\u015fit, Seferler, Develiler, Madran Da\u011f\u0131, G\u00f6kbel Da\u011f\u0131 ve Develiler G\u00f6leti \u00e7evresinde denetim faaliyeti ger\u00e7ekle\u015ftirildi. Denetimlerde hem sulak alanlar hem de ormanl\u0131k b\u00f6lgeler kontrol edildi. Faaliyet kapsam\u0131nda sulak alanlar\u0131n \u00e7evresindeki ikaz tabelalar\u0131 ve tel \u00f6rg\u00fcler incelenirken, ormanl\u0131k alanlar\u0131n yol cepleri ve i\u00e7 k\u0131s\u0131mlar\u0131 da kontrol edildi. Bo\u011fulma ve yang\u0131n risklerine kar\u015f\u0131 tedbirler g\u00f6zden ge\u00e7irildi. Ayr\u0131ca g\u00fczergah \u00fczerinde bulunan kahvehaneler, yol kenarlar\u0131 ve yol uygulama noktalar\u0131nda vatanda\u015flara bo\u011fulma vakalar\u0131 ile orman yang\u0131nlar\u0131n\u0131n \u00f6nlenmesi konusunda bilgilendirmelerde bulunuldu.<\/p>\n<p>Ekipler vatanda\u015flardan sulak alanlar ve ormanl\u0131k b\u00f6lgelerde dikkatli olunmas\u0131n\u0131 ve kurallara uyulmas\u0131n\u0131 isterken, \u00f6nleyici faaliyetlerinin yaz boyunca artarak devam edece\u011fi belirtildi.<br \/><\/p>\n","protected":false},"excerpt":{"rendered":"<p>Ayd\u0131n\u2019\u0131n \u00c7ine il\u00e7esinde jandarma ekipleri, suda bo\u011fulma ve orman yang\u0131nlar\u0131n\u0131n \u00f6nlenmesine y\u00f6nelik kapsaml\u0131 bir denetim ger\u00e7ekle\u015ftirdi. \u00c7ine \u0130l\u00e7e Jandarma Komutanl\u0131\u011f\u0131 taraf\u0131ndan Kav\u015fit, Seferler, Develiler, Madran Da\u011f\u0131, G\u00f6kbel Da\u011f\u0131 ve Develiler G\u00f6leti \u00e7evresinde denetim faaliyeti ger\u00e7ekle\u015ftirildi. Denetimlerde hem sulak alanlar hem de ormanl\u0131k b\u00f6lgeler kontrol edildi. Faaliyet kapsam\u0131nda sulak alanlar\u0131n \u00e7evresindeki ikaz tabelalar\u0131 ve tel \u00f6rg\u00fcler&#8230;<\/p>\n","protected":false},"author":1,"featured_media":41732,"comment_status":"open","ping_status":"open","sticky":false,"template":"","format":"standard","meta":{"_crdt_document":"","footnotes":""},"categories":[1],"tags":[],"class_list":["post-41731","post","type-post","status-publish","format-standard","has-post-thumbnail","hentry","category-guncel"],"_links":{"self":[{"href":"https:\/\/www.egemtv.com\/index.php?rest_route=\/wp\/v2\/posts\/41731","targetHints":{"allow":["GET"]}}],"collection":[{"href":"https:\/\/www.egemtv.com\/index.php?rest_route=\/wp\/v2\/posts"}],"about":[{"href":"https:\/\/www.egemtv.com\/index.php?rest_route=\/wp\/v2\/types\/post"}],"author":[{"embeddable":true,"href":"https:\/\/www.egemtv.com\/index.php?rest_route=\/wp\/v2\/users\/1"}],"replies":[{"embeddable":true,"href":"https:\/\/www.egemtv.com\/index.php?rest_route=%2Fwp%2Fv2%2Fcomments&post=41731"}],"version-history":[{"count":1,"href":"https:\/\/www.egemtv.com\/index.php?rest_route=\/wp\/v2\/posts\/41731\/revisions"}],"predecessor-version":[{"id":41733,"href":"https:\/\/www.egemtv.com\/index.php?rest_route=\/wp\/v2\/posts\/41731\/revisions\/41733"}],"wp:featuredmedia":[{"embeddable":true,"href":"https:\/\/www.egemtv.com\/index.php?rest_route=\/wp\/v2\/media\/41732"}],"wp:attachment":[{"href":"https:\/\/www.egemtv.com\/index.php?rest_route=%2Fwp%2Fv2%2Fmedia&parent=41731"}],"wp:term":[{"taxonomy":"category","embeddable":true,"href":"https:\/\/www.egemtv.com\/index.php?rest_route=%2Fwp%2Fv2%2Fcategories&post=41731"},{"taxonomy":"post_tag","embeddable":true,"href":"https:\/\/www.egemtv.com\/index.php?rest_route=%2Fwp%2Fv2%2Ftags&post=41731"}],"curies":[{"name":"wp","href":"https:\/\/api.w.org\/{rel}","templated":true}]}}