{"id":41728,"date":"2025-07-13T10:56:13","date_gmt":"2025-07-13T07:56:13","guid":{"rendered":"https:\/\/www.egemtv.com\/?p=41728"},"modified":"2025-07-13T10:56:17","modified_gmt":"2025-07-13T07:56:17","slug":"cesme-dalyan-marinada-yat-yangini","status":"publish","type":"post","link":"https:\/\/www.egemtv.com\/?p=41728","title":{"rendered":"\u00c7e\u015fme Dalyan Marina\u2019da yat yang\u0131n\u0131"},"content":{"rendered":"<p>\u0130zmir\u2019in \u00c7e\u015fme il\u00e7esindeki Dalyan Marina\u2019da demirli olan tekne, \u00e7\u0131kan yang\u0131nda alevlere teslim oldu. Deniz \u0130tfaiyesi ekiplerinin h\u0131zl\u0131 m\u00fcdahalesiyle yang\u0131n kontrol alt\u0131na al\u0131n\u0131rken, tekne kullan\u0131lamaz hale geldi.<br \/>\n<br \/>\u00c7e\u015fme il\u00e7esine ba\u011fl\u0131 Dalyan Mahallesi\u2019ndeki marinada demirli bulunan &#8220;Seanymph&#8221; isimli yat, sabah saatlerinde hen\u00fcz bilinmeyen bir nedenle yanmaya ba\u015flad\u0131. Yang\u0131n\u0131 fark eden \u00e7evredeki vatanda\u015flar, alevlerin di\u011fer teknelere s\u0131\u00e7ramas\u0131n\u0131 \u00f6nlemek amac\u0131yla yat\u0131n halatlar\u0131n\u0131 keserek ba\u015fka bir tekne yard\u0131m\u0131yla Seanymph\u2019i a\u00e7\u0131k denize s\u00fcr\u00fckledi. Alevlerin h\u0131zla b\u00fcy\u00fcmesi \u00fczerine durum itfaiyeye bildirildi. \u0130hbar \u00fczerine olay yerine sevk edilen deniz itfaiyesi ekipleri, yanan yata m\u00fcdahale ederek yang\u0131n\u0131 k\u0131sa s\u00fcrede kontrol alt\u0131na ald\u0131. Vatanda\u015flar\u0131n zaman\u0131nda m\u00fcdahalesi sayesinde marinadaki di\u011fer tekneler zarar g\u00f6rmezken, Seanymph isimli yat \u00e7\u0131kan yang\u0131nda tamamen kullan\u0131lamaz hale geldi. \u00d6te yandan, yang\u0131n\u0131n \u00e7\u0131k\u0131\u015f nedeni ile ilgili ekipler taraf\u0131ndan inceleme ba\u015flat\u0131ld\u0131.<br \/><\/p>\n","protected":false},"excerpt":{"rendered":"<p>\u0130zmir\u2019in \u00c7e\u015fme il\u00e7esindeki Dalyan Marina\u2019da demirli olan tekne, \u00e7\u0131kan yang\u0131nda alevlere teslim oldu. Deniz \u0130tfaiyesi ekiplerinin h\u0131zl\u0131 m\u00fcdahalesiyle yang\u0131n kontrol alt\u0131na al\u0131n\u0131rken, tekne kullan\u0131lamaz hale geldi. \u00c7e\u015fme il\u00e7esine ba\u011fl\u0131 Dalyan Mahallesi\u2019ndeki marinada demirli bulunan &#8220;Seanymph&#8221; isimli yat, sabah saatlerinde hen\u00fcz bilinmeyen bir nedenle yanmaya ba\u015flad\u0131. Yang\u0131n\u0131 fark eden \u00e7evredeki vatanda\u015flar, alevlerin di\u011fer teknelere s\u0131\u00e7ramas\u0131n\u0131 \u00f6nlemek&#8230;<\/p>\n","protected":false},"author":1,"featured_media":41729,"comment_status":"open","ping_status":"open","sticky":false,"template":"","format":"standard","meta":{"_crdt_document":"","footnotes":""},"categories":[5],"tags":[],"class_list":["post-41728","post","type-post","status-publish","format-standard","has-post-thumbnail","hentry","category-asayis"],"_links":{"self":[{"href":"https:\/\/www.egemtv.com\/index.php?rest_route=\/wp\/v2\/posts\/41728","targetHints":{"allow":["GET"]}}],"collection":[{"href":"https:\/\/www.egemtv.com\/index.php?rest_route=\/wp\/v2\/posts"}],"about":[{"href":"https:\/\/www.egemtv.com\/index.php?rest_route=\/wp\/v2\/types\/post"}],"author":[{"embeddable":true,"href":"https:\/\/www.egemtv.com\/index.php?rest_route=\/wp\/v2\/users\/1"}],"replies":[{"embeddable":true,"href":"https:\/\/www.egemtv.com\/index.php?rest_route=%2Fwp%2Fv2%2Fcomments&post=41728"}],"version-history":[{"count":1,"href":"https:\/\/www.egemtv.com\/index.php?rest_route=\/wp\/v2\/posts\/41728\/revisions"}],"predecessor-version":[{"id":41730,"href":"https:\/\/www.egemtv.com\/index.php?rest_route=\/wp\/v2\/posts\/41728\/revisions\/41730"}],"wp:featuredmedia":[{"embeddable":true,"href":"https:\/\/www.egemtv.com\/index.php?rest_route=\/wp\/v2\/media\/41729"}],"wp:attachment":[{"href":"https:\/\/www.egemtv.com\/index.php?rest_route=%2Fwp%2Fv2%2Fmedia&parent=41728"}],"wp:term":[{"taxonomy":"category","embeddable":true,"href":"https:\/\/www.egemtv.com\/index.php?rest_route=%2Fwp%2Fv2%2Fcategories&post=41728"},{"taxonomy":"post_tag","embeddable":true,"href":"https:\/\/www.egemtv.com\/index.php?rest_route=%2Fwp%2Fv2%2Ftags&post=41728"}],"curies":[{"name":"wp","href":"https:\/\/api.w.org\/{rel}","templated":true}]}}