{"id":41725,"date":"2025-07-13T10:56:08","date_gmt":"2025-07-13T07:56:08","guid":{"rendered":"https:\/\/www.egemtv.com\/?p=41725"},"modified":"2025-07-13T10:56:13","modified_gmt":"2025-07-13T07:56:13","slug":"aydinda-salca-yapim-telasi-basladi","status":"publish","type":"post","link":"https:\/\/www.egemtv.com\/?p=41725","title":{"rendered":"Ayd\u0131n\u2019da sal\u00e7a yap\u0131m tela\u015f\u0131 ba\u015flad\u0131"},"content":{"rendered":"<p>Ayd\u0131n\u2019da havalar\u0131n s\u0131cak gitmesiyle birlikte domates sezonu hareketlili\u011fi erken ba\u015flarken, mutfaklar\u0131 da k\u0131\u015f haz\u0131rl\u0131\u011f\u0131 tela\u015f\u0131 sard\u0131. Yerli domateslerin \u00e7\u0131kmas\u0131yla birlikte vatanda\u015flar sal\u00e7a yap\u0131mlar\u0131na ba\u015flad\u0131.<\/p>\n<p>T\u00fcrkiye\u2019nin domates \u00fcretim merkezleri aras\u0131nda yer alan Ayd\u0131n\u2019da, domates \u00fcreticilerinde sezon hareketlili\u011fi bu y\u0131l havalar\u0131n s\u0131cak gitmesi sebebiyle erken ba\u015flad\u0131. Yerli domateslerin \u00e7\u0131kmas\u0131yla birlikte vatanda\u015flarda da k\u0131\u015f haz\u0131rl\u0131\u011f\u0131 tela\u015f\u0131 ba\u015flad\u0131. Sofralar\u0131nda do\u011fal \u00fcr\u00fcnleri tercih eden Ayd\u0131nl\u0131lar\u0131n ise balkon ve teraslarda g\u00fcne\u015flenmeye b\u0131rakt\u0131klar\u0131 sal\u00e7al\u0131k ve kurutmal\u0131k domatesler, renkli g\u00f6r\u00fcnt\u00fcler olu\u015fturdu. Baz\u0131 vatanda\u015flar ald\u0131klar\u0131 domatesleri kaynatmak i\u00e7in bah\u00e7elerinde kazanlar kurdu, baz\u0131lar\u0131 ise kurutmak i\u00e7in kurutulmu\u015f domates yapmak i\u00e7in balkon ve teraslar\u0131 adeta k\u0131rm\u0131z\u0131ya boyad\u0131.<\/p>\n<p>&#8220;Sofrada tuzu olmayan\u0131n yemeye y\u00fcz\u00fc olmazm\u0131\u015f&#8221;<br \/>\n<br \/>Atalar\u0131ndan \u00f6\u011frendikleri gelene\u011fi s\u00fcrd\u00fcrd\u00fcklerini ve her y\u0131l k\u0131\u015f haz\u0131rl\u0131klar\u0131 yapt\u0131klar\u0131n\u0131 ifade eden vatanda\u015flardan Kemal G\u00f6\u00e7geldi; &#8220;Bu sene havalar\u0131n s\u0131cak gitmesiyle birlikte yerli domatesler biraz erken \u00e7\u0131kt\u0131. Biz de her y\u0131l oldu\u011fu gibi bu y\u0131l da kendi yiyece\u011fimiz \u00fcr\u00fcnlerimizi yap\u0131yoruz. K\u0131\u015fl\u0131k domates soslar\u0131m\u0131z\u0131, sal\u00e7alar\u0131m\u0131z\u0131 haz\u0131rl\u0131yoruz. Domateslerimizi sal\u00e7aya d\u00f6n\u00fc\u015ft\u00fcrmek i\u00e7in bah\u00e7emizde haz\u0131rl\u0131\u011f\u0131m\u0131z\u0131 yapt\u0131k. Yerli domateslerimizi \u0130ncirliova\u2019daki Acarlar Mahallemizden ald\u0131k getirdik. Zaten bu d\u00f6nemlerde Ayd\u0131n genelinde bir\u00e7ok evde k\u0131\u015fl\u0131k haz\u0131rl\u0131klar\u0131 ba\u015flad\u0131. Y\u0131l\u0131n bu zamanlar\u0131nda balkon ve teraslar adeta k\u0131rm\u0131z\u0131ya boyan\u0131yor. \u2018Sofrada tuzu olmayan\u0131n yemeye y\u00fcz\u00fc olmaz\u2019 demi\u015f atalar\u0131m\u0131z. Bizim de k\u0131\u015f\u0131n yemeye y\u00fcz\u00fcm\u00fcz olsun. Allah \u00e7oluk \u00e7ocuk yemeye nasip etsin in\u015fallah&#8221; dedi.<br \/><\/p>\n","protected":false},"excerpt":{"rendered":"<p>Ayd\u0131n\u2019da havalar\u0131n s\u0131cak gitmesiyle birlikte domates sezonu hareketlili\u011fi erken ba\u015flarken, mutfaklar\u0131 da k\u0131\u015f haz\u0131rl\u0131\u011f\u0131 tela\u015f\u0131 sard\u0131. Yerli domateslerin \u00e7\u0131kmas\u0131yla birlikte vatanda\u015flar sal\u00e7a yap\u0131mlar\u0131na ba\u015flad\u0131. T\u00fcrkiye\u2019nin domates \u00fcretim merkezleri aras\u0131nda yer alan Ayd\u0131n\u2019da, domates \u00fcreticilerinde sezon hareketlili\u011fi bu y\u0131l havalar\u0131n s\u0131cak gitmesi sebebiyle erken ba\u015flad\u0131. Yerli domateslerin \u00e7\u0131kmas\u0131yla birlikte vatanda\u015flarda da k\u0131\u015f haz\u0131rl\u0131\u011f\u0131 tela\u015f\u0131 ba\u015flad\u0131. Sofralar\u0131nda&#8230;<\/p>\n","protected":false},"author":1,"featured_media":41726,"comment_status":"open","ping_status":"open","sticky":false,"template":"","format":"standard","meta":{"_crdt_document":"","footnotes":""},"categories":[1],"tags":[],"class_list":["post-41725","post","type-post","status-publish","format-standard","has-post-thumbnail","hentry","category-guncel"],"_links":{"self":[{"href":"https:\/\/www.egemtv.com\/index.php?rest_route=\/wp\/v2\/posts\/41725","targetHints":{"allow":["GET"]}}],"collection":[{"href":"https:\/\/www.egemtv.com\/index.php?rest_route=\/wp\/v2\/posts"}],"about":[{"href":"https:\/\/www.egemtv.com\/index.php?rest_route=\/wp\/v2\/types\/post"}],"author":[{"embeddable":true,"href":"https:\/\/www.egemtv.com\/index.php?rest_route=\/wp\/v2\/users\/1"}],"replies":[{"embeddable":true,"href":"https:\/\/www.egemtv.com\/index.php?rest_route=%2Fwp%2Fv2%2Fcomments&post=41725"}],"version-history":[{"count":1,"href":"https:\/\/www.egemtv.com\/index.php?rest_route=\/wp\/v2\/posts\/41725\/revisions"}],"predecessor-version":[{"id":41727,"href":"https:\/\/www.egemtv.com\/index.php?rest_route=\/wp\/v2\/posts\/41725\/revisions\/41727"}],"wp:featuredmedia":[{"embeddable":true,"href":"https:\/\/www.egemtv.com\/index.php?rest_route=\/wp\/v2\/media\/41726"}],"wp:attachment":[{"href":"https:\/\/www.egemtv.com\/index.php?rest_route=%2Fwp%2Fv2%2Fmedia&parent=41725"}],"wp:term":[{"taxonomy":"category","embeddable":true,"href":"https:\/\/www.egemtv.com\/index.php?rest_route=%2Fwp%2Fv2%2Fcategories&post=41725"},{"taxonomy":"post_tag","embeddable":true,"href":"https:\/\/www.egemtv.com\/index.php?rest_route=%2Fwp%2Fv2%2Ftags&post=41725"}],"curies":[{"name":"wp","href":"https:\/\/api.w.org\/{rel}","templated":true}]}}