{"id":41722,"date":"2025-07-13T10:56:03","date_gmt":"2025-07-13T07:56:03","guid":{"rendered":"https:\/\/www.egemtv.com\/?p=41722"},"modified":"2025-07-13T10:56:07","modified_gmt":"2025-07-13T07:56:07","slug":"jandarmadan-sicak-nokta-uygulamasi-4","status":"publish","type":"post","link":"https:\/\/www.egemtv.com\/?p=41722","title":{"rendered":"Jandarmadan s\u0131cak nokta uygulamas\u0131"},"content":{"rendered":"<p>Ayd\u0131n\u2019\u0131n Sultanhisar il\u00e7esinde jandarma ekipleri taraf\u0131ndan s\u0131cak nokta uygulamas\u0131 ger\u00e7ekle\u015ftirildi.<br \/>\n<br \/>Ayd\u0131n\u2019da jandarma ekipleri vatanda\u015flar\u0131n huzur ve g\u00fcvenli\u011finin korunmas\u0131 i\u00e7in \u00e7al\u0131\u015fmalar\u0131n\u0131 s\u00fcrd\u00fcr\u00fcyor. Edinilen bilgiye g\u00f6re, Sultanhisar \u0130l\u00e7e Jandarma Komutanl\u0131\u011f\u0131nca \u0130l\u00e7e Tar\u0131m M\u00fcd\u00fcrl\u00fc\u011f\u00fc ekipleri ile birlikte Sultanhisar \u0130l\u00e7esi Kavakl\u0131, Kabaca ve Salavatl\u0131, Ya\u011fdere, Uzunlar, \u0130ncealan Mahallerinde 20.00-22.00 saatleri aras\u0131nda vatanda\u015flar\u0131n yo\u011fun olarak bulundu\u011fu umuma a\u00e7\u0131k yerlerde aranan \u015fah\u0131slar\u0131n yakalanmas\u0131, uyu\u015fturucu ve ka\u00e7ak\u00e7\u0131l\u0131k olaylar\u0131 ile su\u00e7 i\u015flenmesini \u00f6nlemeye y\u00f6nelik s\u0131cak nokta uygulamas\u0131 ger\u00e7ekle\u015ftirildi. Uygulama kapsam\u0131nda; 61 \u015fah\u0131s ve 24 ara\u00e7 sorguland\u0131. \u00d6te yandan 1 i\u00e7kisiz lokanta, 1 t\u0131r s\u00fcr\u00fcc\u00fcs\u00fc dinlenme tesisi ve kahvehane kontrol edilirken, uygulamada su\u00e7 ve su\u00e7 unsuruna rastlan\u0131lmad\u0131\u011f\u0131 bilgisine ula\u015f\u0131ld\u0131.<br \/><\/p>\n","protected":false},"excerpt":{"rendered":"<p>Ayd\u0131n\u2019\u0131n Sultanhisar il\u00e7esinde jandarma ekipleri taraf\u0131ndan s\u0131cak nokta uygulamas\u0131 ger\u00e7ekle\u015ftirildi. Ayd\u0131n\u2019da jandarma ekipleri vatanda\u015flar\u0131n huzur ve g\u00fcvenli\u011finin korunmas\u0131 i\u00e7in \u00e7al\u0131\u015fmalar\u0131n\u0131 s\u00fcrd\u00fcr\u00fcyor. Edinilen bilgiye g\u00f6re, Sultanhisar \u0130l\u00e7e Jandarma Komutanl\u0131\u011f\u0131nca \u0130l\u00e7e Tar\u0131m M\u00fcd\u00fcrl\u00fc\u011f\u00fc ekipleri ile birlikte Sultanhisar \u0130l\u00e7esi Kavakl\u0131, Kabaca ve Salavatl\u0131, Ya\u011fdere, Uzunlar, \u0130ncealan Mahallerinde 20.00-22.00 saatleri aras\u0131nda vatanda\u015flar\u0131n yo\u011fun olarak bulundu\u011fu umuma a\u00e7\u0131k yerlerde aranan&#8230;<\/p>\n","protected":false},"author":1,"featured_media":41723,"comment_status":"open","ping_status":"open","sticky":false,"template":"","format":"standard","meta":{"_crdt_document":"","footnotes":""},"categories":[5],"tags":[],"class_list":["post-41722","post","type-post","status-publish","format-standard","has-post-thumbnail","hentry","category-asayis"],"_links":{"self":[{"href":"https:\/\/www.egemtv.com\/index.php?rest_route=\/wp\/v2\/posts\/41722","targetHints":{"allow":["GET"]}}],"collection":[{"href":"https:\/\/www.egemtv.com\/index.php?rest_route=\/wp\/v2\/posts"}],"about":[{"href":"https:\/\/www.egemtv.com\/index.php?rest_route=\/wp\/v2\/types\/post"}],"author":[{"embeddable":true,"href":"https:\/\/www.egemtv.com\/index.php?rest_route=\/wp\/v2\/users\/1"}],"replies":[{"embeddable":true,"href":"https:\/\/www.egemtv.com\/index.php?rest_route=%2Fwp%2Fv2%2Fcomments&post=41722"}],"version-history":[{"count":1,"href":"https:\/\/www.egemtv.com\/index.php?rest_route=\/wp\/v2\/posts\/41722\/revisions"}],"predecessor-version":[{"id":41724,"href":"https:\/\/www.egemtv.com\/index.php?rest_route=\/wp\/v2\/posts\/41722\/revisions\/41724"}],"wp:featuredmedia":[{"embeddable":true,"href":"https:\/\/www.egemtv.com\/index.php?rest_route=\/wp\/v2\/media\/41723"}],"wp:attachment":[{"href":"https:\/\/www.egemtv.com\/index.php?rest_route=%2Fwp%2Fv2%2Fmedia&parent=41722"}],"wp:term":[{"taxonomy":"category","embeddable":true,"href":"https:\/\/www.egemtv.com\/index.php?rest_route=%2Fwp%2Fv2%2Fcategories&post=41722"},{"taxonomy":"post_tag","embeddable":true,"href":"https:\/\/www.egemtv.com\/index.php?rest_route=%2Fwp%2Fv2%2Ftags&post=41722"}],"curies":[{"name":"wp","href":"https:\/\/api.w.org\/{rel}","templated":true}]}}