{"id":41716,"date":"2025-07-13T09:16:28","date_gmt":"2025-07-13T06:16:28","guid":{"rendered":"https:\/\/www.egemtv.com\/?p=41716"},"modified":"2025-07-13T09:16:34","modified_gmt":"2025-07-13T06:16:34","slug":"310-kiloluk-hasta-sedyede-geldigi-hastaneden-yuruyerek-cikti","status":"publish","type":"post","link":"https:\/\/www.egemtv.com\/?p=41716","title":{"rendered":"310 kiloluk hasta, sedyede geldi\u011fi hastaneden y\u00fcr\u00fcyerek \u00e7\u0131kt\u0131"},"content":{"rendered":"<p>Yata\u011fa ba\u011f\u0131ml\u0131 ya\u015fam s\u00fcren 310 kiloluk hasta, a\u011f\u0131r bedenine kar\u015f\u0131 verdi\u011fi sava\u015f\u0131 ba\u015far\u0131l\u0131 t\u00fcp mide ameliyat\u0131yla kazand\u0131. Nefes almakta bile zorlanan ve ya\u015fad\u0131\u011f\u0131 zorlu g\u00fcnleri &#8220;\u00d6lmek i\u00e7in Allah\u2019a dua ettim&#8221; s\u00f6zleriyle \u00f6zetleyen hasta, kendi ba\u015f\u0131na y\u00fcr\u00fcyerek taburcu oldu.<br \/>\n<br \/>Ayd\u0131n\u2019\u0131n Nazilli il\u00e7esinde ya\u015fayan 49 ya\u015f\u0131ndaki Bar\u0131\u015f Y\u0131ld\u0131r\u0131m, 310 kilogram\u0131n \u00fczerindeki kilosu nedeniyle uzun s\u00fcredir yata\u011fa ba\u011f\u0131ml\u0131 halde ya\u015fam\u0131n\u0131 s\u00fcrd\u00fcr\u00fcyor, nefes almakta ve konu\u015fmakta dahi zorlan\u0131yordu. Ancak hayat\u0131n\u0131 de\u011fi\u015ftiren ad\u0131m, \u00d6zel Denizli Tekden Hastanesi\u2019nde Obezite Cerrahisi Uzman\u0131 Do\u00e7. Dr. Muhammed Ra\u015fid Aykota\u2019n\u0131n ger\u00e7ekle\u015ftirdi\u011fi t\u00fcp mide (laparoskopik sleeve gastrektomi) ameliyat\u0131yla geldi.<br \/>\n<br \/>Y\u0131ld\u0131r\u0131m, hastaneye getirildi\u011finde oturmak, hareket etmek, hayati faaliyetlerini s\u00fcrd\u00fcremeyecek durumda  hatta temel ihtiya\u00e7lar\u0131n\u0131 kar\u015f\u0131lamakta bile g\u00fc\u00e7l\u00fck \u00e7ekiyordu. 1 ay s\u00fcren haz\u0131rl\u0131k s\u00fcrecinin ard\u0131ndan, multidisipliner bir ekip \u00e7al\u0131\u015fmas\u0131yla ameliyata al\u0131nd\u0131. Ameliyat \u00f6zel bariatrik ekipmanlar ve y\u00fcksek kapasiteli sistemlerle yap\u0131ld\u0131. Operasyon s\u0131ras\u0131nda \u00f6zel ekipmanlar, y\u00fcksek ta\u015f\u0131ma kapasiteli sistemler ve tam donan\u0131ml\u0131 bir sa\u011fl\u0131k ekibi g\u00f6rev ald\u0131. Kardiyoloji, dahiliye, anestezi, gastroenteroloji ve diyetisyenlerden olu\u015fan ekip, s\u00fcreci ad\u0131m ad\u0131m y\u00f6netti. Ba\u015far\u0131l\u0131 ge\u00e7en ameliyat sonras\u0131 310 kiloluk hasta y\u0131ld\u0131r\u0131m h\u0131zla toparland\u0131. Kendi ba\u015f\u0131na aya\u011fa kalkt\u0131, ilk ad\u0131mlar\u0131n\u0131 att\u0131. Y\u0131llar sonra yeniden y\u00fcr\u00fcyebilen ve nefes alman\u0131n ne demek oldu\u011funu hat\u0131rlayan hasta, taburcu olurken g\u00f6zya\u015flar\u0131na h\u00e2kim olamad\u0131.<br \/>\n<br \/>Yapt\u0131\u011f\u0131 obezite cerrahisi ameliyatlar\u0131 ile hem T\u00fcrkiye\u2019de  hem de uluslararas\u0131 platformlarda ad\u0131ndan s\u00f6z ettiren Do\u00e7. Dr. Muhammed Ra\u015fid Aykota, s\u00fcreci \u015fu \u015fekilde anlatt\u0131:<br \/>\n<br \/>&#8220;Bar\u0131\u015f Bey bize geldi\u011finde sadece 310 kiloluk bir bedeni de\u011fil, ayn\u0131 zamanda a\u011f\u0131r bir umutsuzlu\u011fu da ta\u015f\u0131yordu. Nefes almakta g\u00fc\u00e7l\u00fck \u00e7eken, hareket edemeyen bir hasta olarak ya\u015fam m\u00fccadelesi veriyordu. Ancak biz ona bakt\u0131\u011f\u0131m\u0131zda g\u00f6rd\u00fc\u011f\u00fcm\u00fcz \u015fey, bir hasta de\u011fil; hayata tutunmak isteyen g\u00fc\u00e7l\u00fc bir insand\u0131. T\u00fcp mide ameliyat\u0131, basit bir operasyon de\u011fil; detayl\u0131 haz\u0131rl\u0131k ve disiplin gerektiren bir s\u00fcre\u00e7tir. Bir ay boyunca multidisipliner ekibimiz &#8211; kardiyoloji, dahiliye, anestezi, diyetisyen ve hem\u015firelerimiz  titizlikle \u00e7al\u0131\u015ft\u0131. Bu sadece bir cerrahinin de\u011fil, bir ekip \u00e7al\u0131\u015fmas\u0131n\u0131n zaferidir. Ameliyat sonras\u0131 s\u00fcre\u00e7te Bar\u0131\u015f Bey\u2019in att\u0131\u011f\u0131 her ad\u0131m, sadece onun de\u011fil, bizim i\u00e7in de bir umut kayna\u011f\u0131 oldu. Bug\u00fcn onun kendi ba\u015f\u0131na y\u00fcr\u00fcyerek taburcu olmas\u0131, hayata yeniden tutunmas\u0131, biz sa\u011fl\u0131k \u00e7al\u0131\u015fanlar\u0131 i\u00e7in en b\u00fcy\u00fck \u00f6d\u00fcld\u00fcr. Buradan benzer durumda olan herkese seslenmek istiyorum: Do\u011fru y\u00f6ntemler, kararl\u0131l\u0131k ve destekle bu sorunun \u00fcstesinden gelinebilir. Biz, sadece bedenleri de\u011fil, hayatlar\u0131 de\u011fi\u015ftirmek i\u00e7in buraday\u0131z. Bar\u0131\u015f Bey ve ailesinin bu s\u00fcre\u00e7teki sabr\u0131 ve inanc\u0131 i\u00e7in te\u015fekk\u00fcr ediyorum. Bu ba\u015far\u0131, onlar\u0131n inanc\u0131 ve ekibimizin eme\u011fiyle m\u00fcmk\u00fcn oldu. Hep birlikte g\u00f6sterdik ki; do\u011fru zamanda do\u011fru ad\u0131mlar at\u0131ld\u0131\u011f\u0131nda, imkans\u0131z gibi g\u00f6r\u00fcnen her \u015fey m\u00fcmk\u00fcnd\u00fcr&#8221;.<\/p>\n<p>Yeri geldi, \u00f6lmek i\u00e7in dua ettim<br \/>\n<br \/>Kilolar\u0131ndan ya\u015fad\u0131\u011f\u0131 zorluklar\u0131 ve t\u00fcp mide ameliyat\u0131 olmak i\u00e7in karar verdi\u011fi zaman\u0131 anlatan hasta Bar\u0131\u015f Y\u0131ld\u0131r\u0131m ise &#8220;Bu kilonun alt\u0131nda sadece v\u00fccudum de\u011fil, ruhum da eziliyordu. Nefes almak bile i\u015fkenceydi. E\u015fim, o\u011flum, ailem Hepsi yan\u0131mdayd\u0131 ama ben kendimi her ge\u00e7en g\u00fcn biraz daha yok olurken hissediyordum. Yeri geldi, \u00f6lmek i\u00e7in dua ettim. \u00c7\u00fcnk\u00fc ya\u015fad\u0131\u011f\u0131m \u015fey hayat de\u011fil, bir bekleyi\u015fti Sessiz, \u00e7aresiz bir bekleyi\u015f. Sonra bir g\u00fcn doktorumla tan\u0131\u015ft\u0131m. O bana sadece t\u0131bbi bilgiler anlatmad\u0131, g\u00f6z\u00fcm\u00fcn i\u00e7ine bak\u0131p dedi ki: \u2019Birlikte de\u011fi\u015ftirebiliriz.\u2019 \u0130\u015fte o anda ilk defa inand\u0131m. Bir umut do\u011fdu i\u00e7imde. Ameliyat kolay olmad\u0131, s\u00fcre\u00e7 zorluydu ama ben bug\u00fcn y\u00fcr\u00fcyebiliyorum. \u0130lk ad\u0131mlar\u0131m\u0131 att\u0131\u011f\u0131m g\u00fcn, y\u0131llard\u0131r ilk kez ger\u00e7ekten ya\u015fad\u0131\u011f\u0131m\u0131 hissettim. O\u011flumla birlikte d\u0131\u015far\u0131 \u00e7\u0131kt\u0131k E\u015fimle el ele y\u00fcr\u00fcd\u00fck Bunlar k\u00fc\u00e7\u00fck mutluluklar gibi g\u00f6r\u00fcnebilir ama benim i\u00e7in bir \u00f6mre bedel. Benim gibi olan herkese s\u00f6ylemek istiyorum: Umutsuz olmay\u0131n. Obezite bir son de\u011fil. M\u00fccadele edince, do\u011fru insanlarla kar\u015f\u0131la\u015f\u0131nca, yeniden do\u011fmak m\u00fcmk\u00fcn. Allah eme\u011fi ge\u00e7en herkesten raz\u0131 olsun&#8221; ifadelerini kulland\u0131.<\/p>\n<p>&#8220;O\u011flumuz bile babas\u0131yla d\u0131\u015far\u0131 \u00e7\u0131kam\u0131yordu&#8221;<br \/>\n<br \/>Zorlu s\u00fcre\u00e7te hep kocas\u0131n\u0131n yan\u0131nda olan Arzu Y\u0131ld\u0131r\u0131m ise ya\u015fad\u0131klar\u0131 s\u0131k\u0131nt\u0131lar\u0131, &#8220;Bar\u0131\u015f y\u0131llard\u0131r yata\u011fa ba\u011f\u0131ml\u0131yd\u0131. En \u00e7ok da o\u011flumuz etkileniyordu. Hen\u00fcz 23 ya\u015f\u0131nda; babas\u0131yla d\u0131\u015far\u0131 \u00e7\u0131kmam\u0131\u015f, el ele y\u00fcr\u00fcmemi\u015f bir gen\u00e7. Bizim i\u00e7in bu sadece bir sa\u011fl\u0131k sorunu de\u011fil, ailece ya\u015fad\u0131\u011f\u0131m\u0131z bir yoksunluktu. Evde her \u015fey sessizdi. Bar\u0131\u015f nefes almakta zorland\u0131k\u00e7a biz de nefes alam\u0131yorduk. Geceleri acaba sabaha \u00e7\u0131kar m\u0131 diye uyan\u0131k bekledi\u011fimiz \u00e7ok oldu. O\u011flumuzun g\u00f6zleri \u00f6n\u00fcnde yava\u015f yava\u015f kayboluyordu babas\u0131 Ama o karanl\u0131k d\u00f6nemi geride b\u0131rakt\u0131k. Dr. Aykota ve ekibi bize sadece bir ameliyat de\u011fil, bir hayat arma\u011fan etti. Bar\u0131\u015f \u015fimdi y\u00fcr\u00fcyebiliyor, nefes alabiliyor ve en \u00f6nemlisi art\u0131k o\u011fluyla birlikte d\u0131\u015far\u0131 \u00e7\u0131kabiliyor. \u0130lk kez baba-o\u011ful birlikte y\u00fcr\u00fcd\u00fcler Bu bizim i\u00e7in bir hayaldi. Ne kadar te\u015fekk\u00fcr etsek az&#8221; s\u00f6zleriyle dile getirdi.<br \/><\/p>\n","protected":false},"excerpt":{"rendered":"<p>Yata\u011fa ba\u011f\u0131ml\u0131 ya\u015fam s\u00fcren 310 kiloluk hasta, a\u011f\u0131r bedenine kar\u015f\u0131 verdi\u011fi sava\u015f\u0131 ba\u015far\u0131l\u0131 t\u00fcp mide ameliyat\u0131yla kazand\u0131. Nefes almakta bile zorlanan ve ya\u015fad\u0131\u011f\u0131 zorlu g\u00fcnleri &#8220;\u00d6lmek i\u00e7in Allah\u2019a dua ettim&#8221; s\u00f6zleriyle \u00f6zetleyen hasta, kendi ba\u015f\u0131na y\u00fcr\u00fcyerek taburcu oldu. Ayd\u0131n\u2019\u0131n Nazilli il\u00e7esinde ya\u015fayan 49 ya\u015f\u0131ndaki Bar\u0131\u015f Y\u0131ld\u0131r\u0131m, 310 kilogram\u0131n \u00fczerindeki kilosu nedeniyle uzun s\u00fcredir yata\u011fa ba\u011f\u0131ml\u0131&#8230;<\/p>\n","protected":false},"author":1,"featured_media":41717,"comment_status":"open","ping_status":"open","sticky":false,"template":"","format":"standard","meta":{"_crdt_document":"","footnotes":""},"categories":[2],"tags":[],"class_list":["post-41716","post","type-post","status-publish","format-standard","has-post-thumbnail","hentry","category-saglik"],"_links":{"self":[{"href":"https:\/\/www.egemtv.com\/index.php?rest_route=\/wp\/v2\/posts\/41716","targetHints":{"allow":["GET"]}}],"collection":[{"href":"https:\/\/www.egemtv.com\/index.php?rest_route=\/wp\/v2\/posts"}],"about":[{"href":"https:\/\/www.egemtv.com\/index.php?rest_route=\/wp\/v2\/types\/post"}],"author":[{"embeddable":true,"href":"https:\/\/www.egemtv.com\/index.php?rest_route=\/wp\/v2\/users\/1"}],"replies":[{"embeddable":true,"href":"https:\/\/www.egemtv.com\/index.php?rest_route=%2Fwp%2Fv2%2Fcomments&post=41716"}],"version-history":[{"count":1,"href":"https:\/\/www.egemtv.com\/index.php?rest_route=\/wp\/v2\/posts\/41716\/revisions"}],"predecessor-version":[{"id":41718,"href":"https:\/\/www.egemtv.com\/index.php?rest_route=\/wp\/v2\/posts\/41716\/revisions\/41718"}],"wp:featuredmedia":[{"embeddable":true,"href":"https:\/\/www.egemtv.com\/index.php?rest_route=\/wp\/v2\/media\/41717"}],"wp:attachment":[{"href":"https:\/\/www.egemtv.com\/index.php?rest_route=%2Fwp%2Fv2%2Fmedia&parent=41716"}],"wp:term":[{"taxonomy":"category","embeddable":true,"href":"https:\/\/www.egemtv.com\/index.php?rest_route=%2Fwp%2Fv2%2Fcategories&post=41716"},{"taxonomy":"post_tag","embeddable":true,"href":"https:\/\/www.egemtv.com\/index.php?rest_route=%2Fwp%2Fv2%2Ftags&post=41716"}],"curies":[{"name":"wp","href":"https:\/\/api.w.org\/{rel}","templated":true}]}}