{"id":41713,"date":"2025-07-12T21:56:25","date_gmt":"2025-07-12T18:56:25","guid":{"rendered":"https:\/\/www.egemtv.com\/?p=41713"},"modified":"2025-07-12T21:56:29","modified_gmt":"2025-07-12T18:56:29","slug":"kahvehanede-otururken-kalp-krizi-geciren-adam-hayatini-kaybetti","status":"publish","type":"post","link":"https:\/\/www.egemtv.com\/?p=41713","title":{"rendered":"Kahvehanede otururken kalp krizi ge\u00e7iren adam hayat\u0131n\u0131 kaybetti"},"content":{"rendered":"<p>Manisa\u2019n\u0131n K\u0131rka\u011fa\u00e7 il\u00e7esinde bir \u00e7ay oca\u011f\u0131nda kalp krizi ge\u00e7iren \u015fah\u0131s, kald\u0131r\u0131ld\u0131\u011f\u0131 hastanede hayat\u0131n\u0131 kaybetti. Olay an\u0131nda yan\u0131nda bulunan Karaali Mahallesi Muhtar\u0131 Onur G\u00fcm\u00fc\u015f\u2019\u00fcn yapt\u0131\u011f\u0131 ilk m\u00fcdahale ve panik anlar\u0131 g\u00fcvenlik kameras\u0131na yans\u0131d\u0131.<br \/>\n<br \/>Olay, K\u0131rka\u011fa\u00e7 il\u00e7esi H\u0131d\u0131ra\u011fa Mahallesi\u2019nde bulunan \u00e7ay oca\u011f\u0131nda saat 12.30 s\u0131ralar\u0131nda meydana geldi. Edinilen bilgilere g\u00f6re, \u00fc\u00e7 \u00e7ocuk babas\u0131 Erg\u00fcn Canbaz (62), \u00e7ay oca\u011f\u0131nda oturdu\u011fu s\u0131rada aniden fenala\u015ft\u0131. Sandalyeden d\u00fc\u015fmek \u00fczereyken yan\u0131nda bulunan Karaali Mahallesi Muhtar\u0131 Onur G\u00fcm\u00fc\u015f\u2019\u00fcn refleksle m\u00fcdahale ederken, o anlar g\u00fcvenlik kameras\u0131na yans\u0131d\u0131. Vatanda\u015flar\u0131n yard\u0131m\u0131yla bir araca bindirilerek K\u0131rka\u011fa\u00e7 Devlet Hastanesine kald\u0131r\u0131lan Canbaz, t\u00fcm m\u00fcdahalelere ra\u011fmen kurtar\u0131lamad\u0131.<br \/>\n<br \/>Olay yerinde ya\u015fanan panik ve muhtar\u0131n ilk m\u00fcdahalesi \u00e7evredeki bir i\u015f yerinin g\u00fcvenlik kameras\u0131na yans\u0131d\u0131. G\u00f6r\u00fcnt\u00fclerde muhtar G\u00fcm\u00fc\u015f\u2019\u00fcn yere y\u0131\u011f\u0131lan Canbaz\u2019a kalp masaj\u0131 yapt\u0131\u011f\u0131 g\u00f6r\u00fcld\u00fc.<br \/><\/p>\n","protected":false},"excerpt":{"rendered":"<p>Manisa\u2019n\u0131n K\u0131rka\u011fa\u00e7 il\u00e7esinde bir \u00e7ay oca\u011f\u0131nda kalp krizi ge\u00e7iren \u015fah\u0131s, kald\u0131r\u0131ld\u0131\u011f\u0131 hastanede hayat\u0131n\u0131 kaybetti. Olay an\u0131nda yan\u0131nda bulunan Karaali Mahallesi Muhtar\u0131 Onur G\u00fcm\u00fc\u015f\u2019\u00fcn yapt\u0131\u011f\u0131 ilk m\u00fcdahale ve panik anlar\u0131 g\u00fcvenlik kameras\u0131na yans\u0131d\u0131. Olay, K\u0131rka\u011fa\u00e7 il\u00e7esi H\u0131d\u0131ra\u011fa Mahallesi\u2019nde bulunan \u00e7ay oca\u011f\u0131nda saat 12.30 s\u0131ralar\u0131nda meydana geldi. Edinilen bilgilere g\u00f6re, \u00fc\u00e7 \u00e7ocuk babas\u0131 Erg\u00fcn Canbaz (62), \u00e7ay&#8230;<\/p>\n","protected":false},"author":1,"featured_media":41714,"comment_status":"open","ping_status":"open","sticky":false,"template":"","format":"standard","meta":{"_crdt_document":"","footnotes":""},"categories":[5],"tags":[],"class_list":["post-41713","post","type-post","status-publish","format-standard","has-post-thumbnail","hentry","category-asayis"],"_links":{"self":[{"href":"https:\/\/www.egemtv.com\/index.php?rest_route=\/wp\/v2\/posts\/41713","targetHints":{"allow":["GET"]}}],"collection":[{"href":"https:\/\/www.egemtv.com\/index.php?rest_route=\/wp\/v2\/posts"}],"about":[{"href":"https:\/\/www.egemtv.com\/index.php?rest_route=\/wp\/v2\/types\/post"}],"author":[{"embeddable":true,"href":"https:\/\/www.egemtv.com\/index.php?rest_route=\/wp\/v2\/users\/1"}],"replies":[{"embeddable":true,"href":"https:\/\/www.egemtv.com\/index.php?rest_route=%2Fwp%2Fv2%2Fcomments&post=41713"}],"version-history":[{"count":1,"href":"https:\/\/www.egemtv.com\/index.php?rest_route=\/wp\/v2\/posts\/41713\/revisions"}],"predecessor-version":[{"id":41715,"href":"https:\/\/www.egemtv.com\/index.php?rest_route=\/wp\/v2\/posts\/41713\/revisions\/41715"}],"wp:featuredmedia":[{"embeddable":true,"href":"https:\/\/www.egemtv.com\/index.php?rest_route=\/wp\/v2\/media\/41714"}],"wp:attachment":[{"href":"https:\/\/www.egemtv.com\/index.php?rest_route=%2Fwp%2Fv2%2Fmedia&parent=41713"}],"wp:term":[{"taxonomy":"category","embeddable":true,"href":"https:\/\/www.egemtv.com\/index.php?rest_route=%2Fwp%2Fv2%2Fcategories&post=41713"},{"taxonomy":"post_tag","embeddable":true,"href":"https:\/\/www.egemtv.com\/index.php?rest_route=%2Fwp%2Fv2%2Ftags&post=41713"}],"curies":[{"name":"wp","href":"https:\/\/api.w.org\/{rel}","templated":true}]}}