{"id":41710,"date":"2025-07-12T21:41:25","date_gmt":"2025-07-12T18:41:25","guid":{"rendered":"https:\/\/www.egemtv.com\/?p=41710"},"modified":"2025-07-12T21:41:32","modified_gmt":"2025-07-12T18:41:32","slug":"isparta-32-spordan-sag-bek-takviyesi","status":"publish","type":"post","link":"https:\/\/www.egemtv.com\/?p=41710","title":{"rendered":"Isparta 32 Spor\u2019dan sa\u011f bek takviyesi"},"content":{"rendered":"<p>TFF 2. Lig K\u0131rm\u0131z\u0131 Grup\u2019ta m\u00fccadele edecek olan Isparta 32 Spor, yeni sezon haz\u0131rl\u0131klar\u0131n\u0131 Davraz\u2019da s\u00fcrd\u00fcr\u00fcyor. Isparta 32 Spor, 2025-2026 sezonu \u00f6ncesi transfer \u00e7al\u0131\u015fmalar\u0131na h\u0131z kesmeden devam ediyor. Isparta 32 Spor, ge\u00e7ti\u011fimiz sezon Kar\u015f\u0131yaka formas\u0131 giyen ve sa\u011f bek ile sa\u011f a\u00e7\u0131k mevkilerinde g\u00f6rev yapan Bedirhan Altunba\u015f ile anla\u015fma sa\u011flad\u0131.<br \/>\n<br \/>Yeni transfer i\u00e7in d\u00fczenlenen imza t\u00f6reninde, kul\u00fcb\u00fcn Bas\u0131n S\u00f6zc\u00fcs\u00fc Serkan Ba\u015fp\u0131nar da haz\u0131r bulundu.<br \/><\/p>\n","protected":false},"excerpt":{"rendered":"<p>TFF 2. Lig K\u0131rm\u0131z\u0131 Grup\u2019ta m\u00fccadele edecek olan Isparta 32 Spor, yeni sezon haz\u0131rl\u0131klar\u0131n\u0131 Davraz\u2019da s\u00fcrd\u00fcr\u00fcyor. Isparta 32 Spor, 2025-2026 sezonu \u00f6ncesi transfer \u00e7al\u0131\u015fmalar\u0131na h\u0131z kesmeden devam ediyor. Isparta 32 Spor, ge\u00e7ti\u011fimiz sezon Kar\u015f\u0131yaka formas\u0131 giyen ve sa\u011f bek ile sa\u011f a\u00e7\u0131k mevkilerinde g\u00f6rev yapan Bedirhan Altunba\u015f ile anla\u015fma sa\u011flad\u0131. Yeni transfer i\u00e7in d\u00fczenlenen imza&#8230;<\/p>\n","protected":false},"author":1,"featured_media":41711,"comment_status":"open","ping_status":"open","sticky":false,"template":"","format":"standard","meta":{"_crdt_document":"","footnotes":""},"categories":[4],"tags":[],"class_list":["post-41710","post","type-post","status-publish","format-standard","has-post-thumbnail","hentry","category-spor"],"_links":{"self":[{"href":"https:\/\/www.egemtv.com\/index.php?rest_route=\/wp\/v2\/posts\/41710","targetHints":{"allow":["GET"]}}],"collection":[{"href":"https:\/\/www.egemtv.com\/index.php?rest_route=\/wp\/v2\/posts"}],"about":[{"href":"https:\/\/www.egemtv.com\/index.php?rest_route=\/wp\/v2\/types\/post"}],"author":[{"embeddable":true,"href":"https:\/\/www.egemtv.com\/index.php?rest_route=\/wp\/v2\/users\/1"}],"replies":[{"embeddable":true,"href":"https:\/\/www.egemtv.com\/index.php?rest_route=%2Fwp%2Fv2%2Fcomments&post=41710"}],"version-history":[{"count":1,"href":"https:\/\/www.egemtv.com\/index.php?rest_route=\/wp\/v2\/posts\/41710\/revisions"}],"predecessor-version":[{"id":41712,"href":"https:\/\/www.egemtv.com\/index.php?rest_route=\/wp\/v2\/posts\/41710\/revisions\/41712"}],"wp:featuredmedia":[{"embeddable":true,"href":"https:\/\/www.egemtv.com\/index.php?rest_route=\/wp\/v2\/media\/41711"}],"wp:attachment":[{"href":"https:\/\/www.egemtv.com\/index.php?rest_route=%2Fwp%2Fv2%2Fmedia&parent=41710"}],"wp:term":[{"taxonomy":"category","embeddable":true,"href":"https:\/\/www.egemtv.com\/index.php?rest_route=%2Fwp%2Fv2%2Fcategories&post=41710"},{"taxonomy":"post_tag","embeddable":true,"href":"https:\/\/www.egemtv.com\/index.php?rest_route=%2Fwp%2Fv2%2Ftags&post=41710"}],"curies":[{"name":"wp","href":"https:\/\/api.w.org\/{rel}","templated":true}]}}