{"id":41707,"date":"2025-07-12T20:38:44","date_gmt":"2025-07-12T17:38:44","guid":{"rendered":"https:\/\/www.egemtv.com\/?p=41707"},"modified":"2025-07-12T20:38:48","modified_gmt":"2025-07-12T17:38:48","slug":"kutahyada-genclestirme-sahasinda-cikan-orman-yangini-sonduruldu","status":"publish","type":"post","link":"https:\/\/www.egemtv.com\/?p=41707","title":{"rendered":"K\u00fctahya\u2019da gen\u00e7le\u015ftirme sahas\u0131nda \u00e7\u0131kan orman yang\u0131n\u0131 s\u00f6nd\u00fcr\u00fcld\u00fc"},"content":{"rendered":"<p>K\u00fctahya\u2019n\u0131n Emet ve Hisarc\u0131k il\u00e7eleri aras\u0131nda gen\u00e7le\u015ftirme sahas\u0131nda \u00e7\u0131kan orman yang\u0131n\u0131, ekiplerin an\u0131nda m\u00fcdahalesiyle k\u0131sa s\u00fcrede s\u00f6nd\u00fcr\u00fcld\u00fc. Yang\u0131nda yakla\u015f\u0131k 10 dekar alan zarar g\u00f6rd\u00fc.<br \/>\n<br \/>Edinilen bilgiye g\u00f6re, Emet il\u00e7esi Uzun\u00e7am ve Hisarc\u0131k il\u00e7esi \u015eey\u00e7ak\u0131r k\u00f6yleri aras\u0131nda bulunan gen\u00e7le\u015ftirme sahas\u0131nda saat 15.40 sular\u0131nda hen\u00fcz belirlenemeyen bir nedenle yang\u0131n \u00e7\u0131kt\u0131. Yang\u0131n kulesinin ihbar\u0131 \u00fczerine b\u00f6lgeye 2 yang\u0131n s\u00f6nd\u00fcrme helikopteri, 6 araz\u00f6z, 2 su tankeri, Hisarc\u0131k ile Emet Belediyesi itfaiye ve orman ekipleri sevk edildi. Ekiplerin m\u00fcdahalesi sonucu yang\u0131n yakla\u015f\u0131k yar\u0131m saatte s\u00f6nd\u00fcr\u00fcld\u00fc. Yang\u0131nda 10 dekar alan zarar g\u00f6rd\u00fc.<br \/><\/p>\n","protected":false},"excerpt":{"rendered":"<p>K\u00fctahya\u2019n\u0131n Emet ve Hisarc\u0131k il\u00e7eleri aras\u0131nda gen\u00e7le\u015ftirme sahas\u0131nda \u00e7\u0131kan orman yang\u0131n\u0131, ekiplerin an\u0131nda m\u00fcdahalesiyle k\u0131sa s\u00fcrede s\u00f6nd\u00fcr\u00fcld\u00fc. Yang\u0131nda yakla\u015f\u0131k 10 dekar alan zarar g\u00f6rd\u00fc. Edinilen bilgiye g\u00f6re, Emet il\u00e7esi Uzun\u00e7am ve Hisarc\u0131k il\u00e7esi \u015eey\u00e7ak\u0131r k\u00f6yleri aras\u0131nda bulunan gen\u00e7le\u015ftirme sahas\u0131nda saat 15.40 sular\u0131nda hen\u00fcz belirlenemeyen bir nedenle yang\u0131n \u00e7\u0131kt\u0131. Yang\u0131n kulesinin ihbar\u0131 \u00fczerine b\u00f6lgeye 2 yang\u0131n&#8230;<\/p>\n","protected":false},"author":1,"featured_media":41708,"comment_status":"open","ping_status":"open","sticky":false,"template":"","format":"standard","meta":{"_crdt_document":"","footnotes":""},"categories":[5],"tags":[],"class_list":["post-41707","post","type-post","status-publish","format-standard","has-post-thumbnail","hentry","category-asayis"],"_links":{"self":[{"href":"https:\/\/www.egemtv.com\/index.php?rest_route=\/wp\/v2\/posts\/41707","targetHints":{"allow":["GET"]}}],"collection":[{"href":"https:\/\/www.egemtv.com\/index.php?rest_route=\/wp\/v2\/posts"}],"about":[{"href":"https:\/\/www.egemtv.com\/index.php?rest_route=\/wp\/v2\/types\/post"}],"author":[{"embeddable":true,"href":"https:\/\/www.egemtv.com\/index.php?rest_route=\/wp\/v2\/users\/1"}],"replies":[{"embeddable":true,"href":"https:\/\/www.egemtv.com\/index.php?rest_route=%2Fwp%2Fv2%2Fcomments&post=41707"}],"version-history":[{"count":1,"href":"https:\/\/www.egemtv.com\/index.php?rest_route=\/wp\/v2\/posts\/41707\/revisions"}],"predecessor-version":[{"id":41709,"href":"https:\/\/www.egemtv.com\/index.php?rest_route=\/wp\/v2\/posts\/41707\/revisions\/41709"}],"wp:featuredmedia":[{"embeddable":true,"href":"https:\/\/www.egemtv.com\/index.php?rest_route=\/wp\/v2\/media\/41708"}],"wp:attachment":[{"href":"https:\/\/www.egemtv.com\/index.php?rest_route=%2Fwp%2Fv2%2Fmedia&parent=41707"}],"wp:term":[{"taxonomy":"category","embeddable":true,"href":"https:\/\/www.egemtv.com\/index.php?rest_route=%2Fwp%2Fv2%2Fcategories&post=41707"},{"taxonomy":"post_tag","embeddable":true,"href":"https:\/\/www.egemtv.com\/index.php?rest_route=%2Fwp%2Fv2%2Ftags&post=41707"}],"curies":[{"name":"wp","href":"https:\/\/api.w.org\/{rel}","templated":true}]}}