{"id":41698,"date":"2025-07-12T19:56:08","date_gmt":"2025-07-12T16:56:08","guid":{"rendered":"https:\/\/www.egemtv.com\/?p=41698"},"modified":"2025-07-12T19:56:12","modified_gmt":"2025-07-12T16:56:12","slug":"manisadan-dunya-mirasina","status":"publish","type":"post","link":"https:\/\/www.egemtv.com\/?p=41698","title":{"rendered":"Manisa\u2019dan d\u00fcnya miras\u0131na"},"content":{"rendered":"<p>Manisa\u2019n\u0131n Salihli il\u00e7esinde bulunan Sardes Antik Kenti ile Bin Tepeler Lidya T\u00fcm\u00fcl\u00fcslerinin UNESCO D\u00fcnya Miras\u0131 Listesine al\u0131nmas\u0131yla ilgili de\u011ferlendirmelerde bulunan AK Parti Grup Ba\u015fkanvekili ve Manisa Milletvekili Bahad\u0131r Yeni\u015fehirlio\u011flu, &#8220;Antik surlar\u0131, 7 bin 500 hektarl\u0131k dev nekropol alan\u0131 ve kadim medeniyet birikimiyle bu topraklar\u0131n d\u00fcnya sahnesine ta\u015f\u0131nmas\u0131, \u00fclkemiz ad\u0131na b\u00fcy\u00fck bir gurur vesilesidir&#8221; dedi.<br \/>\n<br \/>Paris\u2019te d\u00fczenlenen UNESCO D\u00fcnya Miras Komitesi\u2019nin 47. Oturumu kapsam\u0131nda al\u0131nan kararla Manisa\u2019n\u0131n Salihli il\u00e7esinde bulunan Sardes Antik Kenti ve Bin Tepeler Lidya T\u00fcm\u00fcl\u00fcsleri\u2019nin UNESCO D\u00fcnya Miras\u0131 Listesi\u2019ne resmen dahil edildi. Konuyla ilgili de\u011ferlendirmelerde bulunan AK Parti Grup Ba\u015fkanvekili ve Manisa Milletvekili Bahad\u0131r Yeni\u015fehirlio\u011flu, Manisa\u2019dan \u00e7\u0131kan bu e\u015fsiz k\u00fclt\u00fcrel miras\u0131n art\u0131k t\u00fcm insanl\u0131\u011f\u0131n ortak de\u011feri oldu\u011funu vurgulayarak Lidya uygarl\u0131\u011f\u0131n\u0131n ba\u015fkenti olan Sardes\u2019in, d\u00fcnyan\u0131n ilk madeni paras\u0131n\u0131n do\u011fdu\u011fu topraklar olarak tarihsel \u00f6nemine i\u015faret etti. Yeni\u015fehirlio\u011flu, &#8220;Antik surlar\u0131, 7 bin 500 hektarl\u0131k dev nekropol alan\u0131 ve kadim medeniyet birikimiyle bu topraklar\u0131n d\u00fcnya sahnesine ta\u015f\u0131nmas\u0131, \u00fclkemiz ad\u0131na b\u00fcy\u00fck bir gurur vesilesidir. Bu ba\u015far\u0131da eme\u011fi ge\u00e7en ba\u015fta K\u00fclt\u00fcr ve Turizm Bakan\u0131m\u0131z Mehmet Nuri Ersoy olmak \u00fczere, Bakanl\u0131k \u00e7al\u0131\u015fanlar\u0131na, Sardes Kaz\u0131 Ba\u015fkanl\u0131\u011f\u0131na ve t\u00fcm bilim insanlar\u0131m\u0131za \u015f\u00fckranlar\u0131m\u0131 sunuyorum. K\u00fclt\u00fcr ve medeniyetimizin e\u015fsiz de\u011ferleri, T\u00fcrkiye Y\u00fczy\u0131l\u0131 vizyonuyla birer birer g\u00fcn y\u00fcz\u00fcne \u00e7\u0131kmaya devam ediyor.&#8221; dedi.<br \/><\/p>\n","protected":false},"excerpt":{"rendered":"<p>Manisa\u2019n\u0131n Salihli il\u00e7esinde bulunan Sardes Antik Kenti ile Bin Tepeler Lidya T\u00fcm\u00fcl\u00fcslerinin UNESCO D\u00fcnya Miras\u0131 Listesine al\u0131nmas\u0131yla ilgili de\u011ferlendirmelerde bulunan AK Parti Grup Ba\u015fkanvekili ve Manisa Milletvekili Bahad\u0131r Yeni\u015fehirlio\u011flu, &#8220;Antik surlar\u0131, 7 bin 500 hektarl\u0131k dev nekropol alan\u0131 ve kadim medeniyet birikimiyle bu topraklar\u0131n d\u00fcnya sahnesine ta\u015f\u0131nmas\u0131, \u00fclkemiz ad\u0131na b\u00fcy\u00fck bir gurur vesilesidir&#8221; dedi. Paris\u2019te&#8230;<\/p>\n","protected":false},"author":1,"featured_media":41699,"comment_status":"open","ping_status":"open","sticky":false,"template":"","format":"standard","meta":{"_crdt_document":"","footnotes":""},"categories":[127],"tags":[],"class_list":["post-41698","post","type-post","status-publish","format-standard","has-post-thumbnail","hentry","category-siyaset"],"_links":{"self":[{"href":"https:\/\/www.egemtv.com\/index.php?rest_route=\/wp\/v2\/posts\/41698","targetHints":{"allow":["GET"]}}],"collection":[{"href":"https:\/\/www.egemtv.com\/index.php?rest_route=\/wp\/v2\/posts"}],"about":[{"href":"https:\/\/www.egemtv.com\/index.php?rest_route=\/wp\/v2\/types\/post"}],"author":[{"embeddable":true,"href":"https:\/\/www.egemtv.com\/index.php?rest_route=\/wp\/v2\/users\/1"}],"replies":[{"embeddable":true,"href":"https:\/\/www.egemtv.com\/index.php?rest_route=%2Fwp%2Fv2%2Fcomments&post=41698"}],"version-history":[{"count":1,"href":"https:\/\/www.egemtv.com\/index.php?rest_route=\/wp\/v2\/posts\/41698\/revisions"}],"predecessor-version":[{"id":41700,"href":"https:\/\/www.egemtv.com\/index.php?rest_route=\/wp\/v2\/posts\/41698\/revisions\/41700"}],"wp:featuredmedia":[{"embeddable":true,"href":"https:\/\/www.egemtv.com\/index.php?rest_route=\/wp\/v2\/media\/41699"}],"wp:attachment":[{"href":"https:\/\/www.egemtv.com\/index.php?rest_route=%2Fwp%2Fv2%2Fmedia&parent=41698"}],"wp:term":[{"taxonomy":"category","embeddable":true,"href":"https:\/\/www.egemtv.com\/index.php?rest_route=%2Fwp%2Fv2%2Fcategories&post=41698"},{"taxonomy":"post_tag","embeddable":true,"href":"https:\/\/www.egemtv.com\/index.php?rest_route=%2Fwp%2Fv2%2Ftags&post=41698"}],"curies":[{"name":"wp","href":"https:\/\/api.w.org\/{rel}","templated":true}]}}