{"id":41692,"date":"2025-07-12T19:55:59","date_gmt":"2025-07-12T16:55:59","guid":{"rendered":"https:\/\/www.egemtv.com\/?p=41692"},"modified":"2025-07-12T19:56:03","modified_gmt":"2025-07-12T16:56:03","slug":"bagcilara-salkim-guvesi-uyarisi","status":"publish","type":"post","link":"https:\/\/www.egemtv.com\/?p=41692","title":{"rendered":"Ba\u011fc\u0131lara salk\u0131m g\u00fcvesi uyar\u0131s\u0131"},"content":{"rendered":"<p>Manisa\u2019n\u0131n Sar\u0131g\u00f6l il\u00e7esinde \u0130l\u00e7e Tar\u0131m ve Orman M\u00fcd\u00fcrl\u00fc\u011f\u00fc ekiplerince ova ve yayla ba\u011flar\u0131nda yap\u0131lan teknik takipler sonucunda, salk\u0131m g\u00fcvesinin \u00fc\u00e7\u00fcnc\u00fc nesline kar\u015f\u0131 ila\u00e7lama yap\u0131lmas\u0131 gerekti\u011fi bildirildi.<br \/>\n<br \/>Yetkililer taraf\u0131ndan yap\u0131lan a\u00e7\u0131klamada, &#8220;Ba\u011fc\u0131lar\u0131m\u0131z\u0131n dikkatine! Sar\u0131g\u00f6l Merkez ve ova mahallelerinde salk\u0131m g\u00fcvesinin 3. nesline kar\u015f\u0131 larva (kurt) ila\u00e7lamas\u0131 yapacak \u00fcreticilerimizin, 13-14-15 Temmuz tarihlerinde ba\u011fa ruhsatl\u0131 ila\u00e7larla ila\u00e7lama yapmalar\u0131 gerekmektedir. Ayr\u0131ca, unlubit zararl\u0131s\u0131na kar\u015f\u0131 m\u00fccadelenizi ihmal etmeyiniz. \u0130la\u00e7lar\u0131n\u0131z\u0131 re\u00e7ete ile temin ediniz.&#8221; denildi.<br \/>\n<br \/>\u00dcreticilerin, \u00fcz\u00fcmde kalite ve verim kayb\u0131 ya\u015famamalar\u0131 i\u00e7in belirtilen tarihlerde ila\u00e7lama yapmalar\u0131 istendi. Tar\u0131m M\u00fcd\u00fcrl\u00fc\u011f\u00fc ekipleri, zararl\u0131ya kar\u015f\u0131 bilin\u00e7li m\u00fccadele \u00e7a\u011fr\u0131s\u0131nda bulundu.<br \/><\/p>\n","protected":false},"excerpt":{"rendered":"<p>Manisa\u2019n\u0131n Sar\u0131g\u00f6l il\u00e7esinde \u0130l\u00e7e Tar\u0131m ve Orman M\u00fcd\u00fcrl\u00fc\u011f\u00fc ekiplerince ova ve yayla ba\u011flar\u0131nda yap\u0131lan teknik takipler sonucunda, salk\u0131m g\u00fcvesinin \u00fc\u00e7\u00fcnc\u00fc nesline kar\u015f\u0131 ila\u00e7lama yap\u0131lmas\u0131 gerekti\u011fi bildirildi. Yetkililer taraf\u0131ndan yap\u0131lan a\u00e7\u0131klamada, &#8220;Ba\u011fc\u0131lar\u0131m\u0131z\u0131n dikkatine! Sar\u0131g\u00f6l Merkez ve ova mahallelerinde salk\u0131m g\u00fcvesinin 3. nesline kar\u015f\u0131 larva (kurt) ila\u00e7lamas\u0131 yapacak \u00fcreticilerimizin, 13-14-15 Temmuz tarihlerinde ba\u011fa ruhsatl\u0131 ila\u00e7larla ila\u00e7lama yapmalar\u0131&#8230;<\/p>\n","protected":false},"author":1,"featured_media":41693,"comment_status":"open","ping_status":"open","sticky":false,"template":"","format":"standard","meta":{"_crdt_document":"","footnotes":""},"categories":[125],"tags":[],"class_list":["post-41692","post","type-post","status-publish","format-standard","has-post-thumbnail","hentry","category-ekonomi"],"_links":{"self":[{"href":"https:\/\/www.egemtv.com\/index.php?rest_route=\/wp\/v2\/posts\/41692","targetHints":{"allow":["GET"]}}],"collection":[{"href":"https:\/\/www.egemtv.com\/index.php?rest_route=\/wp\/v2\/posts"}],"about":[{"href":"https:\/\/www.egemtv.com\/index.php?rest_route=\/wp\/v2\/types\/post"}],"author":[{"embeddable":true,"href":"https:\/\/www.egemtv.com\/index.php?rest_route=\/wp\/v2\/users\/1"}],"replies":[{"embeddable":true,"href":"https:\/\/www.egemtv.com\/index.php?rest_route=%2Fwp%2Fv2%2Fcomments&post=41692"}],"version-history":[{"count":1,"href":"https:\/\/www.egemtv.com\/index.php?rest_route=\/wp\/v2\/posts\/41692\/revisions"}],"predecessor-version":[{"id":41694,"href":"https:\/\/www.egemtv.com\/index.php?rest_route=\/wp\/v2\/posts\/41692\/revisions\/41694"}],"wp:featuredmedia":[{"embeddable":true,"href":"https:\/\/www.egemtv.com\/index.php?rest_route=\/wp\/v2\/media\/41693"}],"wp:attachment":[{"href":"https:\/\/www.egemtv.com\/index.php?rest_route=%2Fwp%2Fv2%2Fmedia&parent=41692"}],"wp:term":[{"taxonomy":"category","embeddable":true,"href":"https:\/\/www.egemtv.com\/index.php?rest_route=%2Fwp%2Fv2%2Fcategories&post=41692"},{"taxonomy":"post_tag","embeddable":true,"href":"https:\/\/www.egemtv.com\/index.php?rest_route=%2Fwp%2Fv2%2Ftags&post=41692"}],"curies":[{"name":"wp","href":"https:\/\/api.w.org\/{rel}","templated":true}]}}