{"id":41689,"date":"2025-07-12T19:35:57","date_gmt":"2025-07-12T16:35:57","guid":{"rendered":"https:\/\/www.egemtv.com\/?p=41689"},"modified":"2025-07-12T19:36:01","modified_gmt":"2025-07-12T16:36:01","slug":"bariyerlere-carpip-30-metre-suruklenen-motosikletin-surucusu-yasamini-yitirdi","status":"publish","type":"post","link":"https:\/\/www.egemtv.com\/?p=41689","title":{"rendered":"Bariyerlere \u00e7arp\u0131p 30 metre s\u00fcr\u00fcklenen motosikletin s\u00fcr\u00fcc\u00fcs\u00fc ya\u015fam\u0131n\u0131 yitirdi"},"content":{"rendered":"<p>Afyonkarahisar\u2019da kontrolden \u00e7\u0131karak bariyerlere \u00e7arpan ve yakla\u015f\u0131k 30 metre s\u00fcr\u00fcklenen motosikletin s\u00fcr\u00fcc\u00fcs\u00fc hayat\u0131n\u0131 kaybederken, kazada 1 ki\u015fi de yaraland\u0131.<br \/>\n<br \/>Kaza, Sand\u0131kl\u0131 il\u00e7esi giri\u015finde meydana geldi. Edinilen bilgilere g\u00f6re, E.B. yonetimindeki 34 KGH 143 plakal\u0131 motosiklet, yol kenar\u0131ndaki bariyerlere \u00e7arp\u0131p yakla\u015f\u0131k 30 metre s\u00fcr\u00fcklendi. Kazan\u0131n ard\u0131ndan \u00e7evredekilerin haber vermesi \u00fczerine b\u00f6lgeye jandarma ve sa\u011fl\u0131k ekipleri sevk edildi. B\u00f6lgeye gelen ekipler s\u00fcr\u00fcc\u00fc E.B.\u2019nin olay yerinde hayat\u0131n\u0131 kaybetti\u011fini belirlerken, yaralanan A.U.\u00c7.\u2019yi ise ambulansla hastaneye kald\u0131rd\u0131. Kaza sonras\u0131 jandarma ekipleri detayl\u0131 inceleme yaparken, hayat\u0131n\u0131 kaybeden \u015fahs\u0131n cans\u0131z bedeni morga kald\u0131r\u0131ld\u0131.<br \/>\n<br \/>Kazayla ilgili soru\u015fturma ba\u015flat\u0131ld\u0131.<br \/><\/p>\n","protected":false},"excerpt":{"rendered":"<p>Afyonkarahisar\u2019da kontrolden \u00e7\u0131karak bariyerlere \u00e7arpan ve yakla\u015f\u0131k 30 metre s\u00fcr\u00fcklenen motosikletin s\u00fcr\u00fcc\u00fcs\u00fc hayat\u0131n\u0131 kaybederken, kazada 1 ki\u015fi de yaraland\u0131. Kaza, Sand\u0131kl\u0131 il\u00e7esi giri\u015finde meydana geldi. Edinilen bilgilere g\u00f6re, E.B. yonetimindeki 34 KGH 143 plakal\u0131 motosiklet, yol kenar\u0131ndaki bariyerlere \u00e7arp\u0131p yakla\u015f\u0131k 30 metre s\u00fcr\u00fcklendi. Kazan\u0131n ard\u0131ndan \u00e7evredekilerin haber vermesi \u00fczerine b\u00f6lgeye jandarma ve sa\u011fl\u0131k ekipleri sevk&#8230;<\/p>\n","protected":false},"author":1,"featured_media":41690,"comment_status":"open","ping_status":"open","sticky":false,"template":"","format":"standard","meta":{"_crdt_document":"","footnotes":""},"categories":[5],"tags":[],"class_list":["post-41689","post","type-post","status-publish","format-standard","has-post-thumbnail","hentry","category-asayis"],"_links":{"self":[{"href":"https:\/\/www.egemtv.com\/index.php?rest_route=\/wp\/v2\/posts\/41689","targetHints":{"allow":["GET"]}}],"collection":[{"href":"https:\/\/www.egemtv.com\/index.php?rest_route=\/wp\/v2\/posts"}],"about":[{"href":"https:\/\/www.egemtv.com\/index.php?rest_route=\/wp\/v2\/types\/post"}],"author":[{"embeddable":true,"href":"https:\/\/www.egemtv.com\/index.php?rest_route=\/wp\/v2\/users\/1"}],"replies":[{"embeddable":true,"href":"https:\/\/www.egemtv.com\/index.php?rest_route=%2Fwp%2Fv2%2Fcomments&post=41689"}],"version-history":[{"count":1,"href":"https:\/\/www.egemtv.com\/index.php?rest_route=\/wp\/v2\/posts\/41689\/revisions"}],"predecessor-version":[{"id":41691,"href":"https:\/\/www.egemtv.com\/index.php?rest_route=\/wp\/v2\/posts\/41689\/revisions\/41691"}],"wp:featuredmedia":[{"embeddable":true,"href":"https:\/\/www.egemtv.com\/index.php?rest_route=\/wp\/v2\/media\/41690"}],"wp:attachment":[{"href":"https:\/\/www.egemtv.com\/index.php?rest_route=%2Fwp%2Fv2%2Fmedia&parent=41689"}],"wp:term":[{"taxonomy":"category","embeddable":true,"href":"https:\/\/www.egemtv.com\/index.php?rest_route=%2Fwp%2Fv2%2Fcategories&post=41689"},{"taxonomy":"post_tag","embeddable":true,"href":"https:\/\/www.egemtv.com\/index.php?rest_route=%2Fwp%2Fv2%2Ftags&post=41689"}],"curies":[{"name":"wp","href":"https:\/\/api.w.org\/{rel}","templated":true}]}}