{"id":41686,"date":"2025-07-12T19:15:07","date_gmt":"2025-07-12T16:15:07","guid":{"rendered":"https:\/\/www.egemtv.com\/?p=41686"},"modified":"2025-07-12T19:15:12","modified_gmt":"2025-07-12T16:15:12","slug":"ak-partili-baybatur-sardes-ve-bintepeler-unesco-listesinde","status":"publish","type":"post","link":"https:\/\/www.egemtv.com\/?p=41686","title":{"rendered":"AK Parti\u2019li Baybatur: &#8220;Sardes ve Bintepeler UNESCO Listesinde&#8221;"},"content":{"rendered":"<p>AK Parti Manisa Milletvekili Murat Baybatur, Sardes Antik Kenti ve Bintepeler Lidya T\u00fcm\u00fcl\u00fcsleri, UNESCO D\u00fcnya Miras\u0131 Listesi\u2019ne dahil edildi\u011fini bildirdi.<br \/>\n<br \/>Fransa\u2019n\u0131n ba\u015fkenti Paris\u2019te d\u00fczenlenen UNESCO D\u00fcnya Miras Komitesi\u2019nin 47. Oturumu\u2019nda al\u0131nan kararla, Manisa s\u0131n\u0131rlar\u0131 i\u00e7erisindeki Sardes Antik Kenti ve Bintepeler Lidya T\u00fcm\u00fcl\u00fcsleri, UNESCO D\u00fcnya Miras\u0131 Listesi\u2019ne dahil edildi.<br \/>\n<br \/>Kararla birlikte Lidya medeniyetine ait bu kadim yap\u0131lar, T\u00fcrkiye\u2019nin UNESCO\u2019ya kay\u0131tl\u0131 22. k\u00fclt\u00fcrel miras\u0131 olarak insanl\u0131\u011f\u0131n ortak miras\u0131 stat\u00fcs\u00fc kazand\u0131.<br \/>\n<br \/>AK Parti Manisa Milletvekili Murat Baybatur, al\u0131nan karar\u0131n ard\u0131ndan sosyal medya hesab\u0131ndan yapt\u0131\u011f\u0131 a\u00e7\u0131klamada \u015fu ifadelere yer verdi: &#8220;Uygarl\u0131k tarihine m\u00fch\u00fcr vurmu\u015f Lidya medeniyetinin izlerini ta\u015f\u0131yan Sardes Antik Kenti ve Bintepeler T\u00fcm\u00fcl\u00fcsleri\u2019nin, UNESCO D\u00fcnya Miras\u0131 Listesi\u2019ne dahil edilmesi bizler i\u00e7in b\u00fcy\u00fck bir gurur kayna\u011f\u0131d\u0131r. Manisa\u2019m\u0131z\u0131n d\u00fcnya \u00e7ap\u0131nda tan\u0131n\u0131rl\u0131\u011f\u0131n\u0131 art\u0131racak bu tarihi ad\u0131mda eme\u011fi ge\u00e7en t\u00fcm kurum ve yetkililere g\u00f6n\u00fclden te\u015fekk\u00fcr ediyorum. Anadolu\u2019nun sesi art\u0131k daha g\u00fcr, miras\u0131 art\u0131k daha g\u00f6r\u00fcn\u00fcr. Bu b\u00fcy\u00fck ba\u015far\u0131 \u00fclkemize ve \u015fehrimize hay\u0131rl\u0131 olsun.&#8221;<br \/><\/p>\n","protected":false},"excerpt":{"rendered":"<p>AK Parti Manisa Milletvekili Murat Baybatur, Sardes Antik Kenti ve Bintepeler Lidya T\u00fcm\u00fcl\u00fcsleri, UNESCO D\u00fcnya Miras\u0131 Listesi\u2019ne dahil edildi\u011fini bildirdi. Fransa\u2019n\u0131n ba\u015fkenti Paris\u2019te d\u00fczenlenen UNESCO D\u00fcnya Miras Komitesi\u2019nin 47. Oturumu\u2019nda al\u0131nan kararla, Manisa s\u0131n\u0131rlar\u0131 i\u00e7erisindeki Sardes Antik Kenti ve Bintepeler Lidya T\u00fcm\u00fcl\u00fcsleri, UNESCO D\u00fcnya Miras\u0131 Listesi\u2019ne dahil edildi. Kararla birlikte Lidya medeniyetine ait bu kadim&#8230;<\/p>\n","protected":false},"author":1,"featured_media":41687,"comment_status":"open","ping_status":"open","sticky":false,"template":"","format":"standard","meta":{"_crdt_document":"","footnotes":""},"categories":[127],"tags":[],"class_list":["post-41686","post","type-post","status-publish","format-standard","has-post-thumbnail","hentry","category-siyaset"],"_links":{"self":[{"href":"https:\/\/www.egemtv.com\/index.php?rest_route=\/wp\/v2\/posts\/41686","targetHints":{"allow":["GET"]}}],"collection":[{"href":"https:\/\/www.egemtv.com\/index.php?rest_route=\/wp\/v2\/posts"}],"about":[{"href":"https:\/\/www.egemtv.com\/index.php?rest_route=\/wp\/v2\/types\/post"}],"author":[{"embeddable":true,"href":"https:\/\/www.egemtv.com\/index.php?rest_route=\/wp\/v2\/users\/1"}],"replies":[{"embeddable":true,"href":"https:\/\/www.egemtv.com\/index.php?rest_route=%2Fwp%2Fv2%2Fcomments&post=41686"}],"version-history":[{"count":1,"href":"https:\/\/www.egemtv.com\/index.php?rest_route=\/wp\/v2\/posts\/41686\/revisions"}],"predecessor-version":[{"id":41688,"href":"https:\/\/www.egemtv.com\/index.php?rest_route=\/wp\/v2\/posts\/41686\/revisions\/41688"}],"wp:featuredmedia":[{"embeddable":true,"href":"https:\/\/www.egemtv.com\/index.php?rest_route=\/wp\/v2\/media\/41687"}],"wp:attachment":[{"href":"https:\/\/www.egemtv.com\/index.php?rest_route=%2Fwp%2Fv2%2Fmedia&parent=41686"}],"wp:term":[{"taxonomy":"category","embeddable":true,"href":"https:\/\/www.egemtv.com\/index.php?rest_route=%2Fwp%2Fv2%2Fcategories&post=41686"},{"taxonomy":"post_tag","embeddable":true,"href":"https:\/\/www.egemtv.com\/index.php?rest_route=%2Fwp%2Fv2%2Ftags&post=41686"}],"curies":[{"name":"wp","href":"https:\/\/api.w.org\/{rel}","templated":true}]}}