{"id":41683,"date":"2025-07-12T18:55:17","date_gmt":"2025-07-12T15:55:17","guid":{"rendered":"https:\/\/www.egemtv.com\/?p=41683"},"modified":"2025-07-12T18:55:21","modified_gmt":"2025-07-12T15:55:21","slug":"balkona-cikti-bir-daha-eve-giremedi","status":"publish","type":"post","link":"https:\/\/www.egemtv.com\/?p=41683","title":{"rendered":"Balkona \u00e7\u0131kt\u0131 bir daha eve giremedi"},"content":{"rendered":"<p>Ayd\u0131n\u2019\u0131n \u0130ncirliova il\u00e7esine ba\u011fl\u0131 Acarlar Mahallesi\u2019nde ya\u015fayan Taner K\u00f6ken(35) evinin \u00f6n\u00fcnde \u00f6l\u00fc halde bulundu.<\/p>\n<p>Olay, Acarlar Mahallesi 1769 Sokak\u2019ta ya\u015fand\u0131. Edinilen bilgilere g\u00f6re, yaln\u0131z ya\u015fayan Taner K\u00f6ken, evinin \u00f6n\u00fcnde hareketsiz halde yatt\u0131\u011f\u0131 y\u00f6n\u00fcnde ihbar 112 Acil \u00c7a\u011fr\u0131 Merkezine yap\u0131ld\u0131. Olay yerine polis ve sa\u011fl\u0131k ekipleri sevk edildi. Sa\u011fl\u0131k ekipleri yapt\u0131klar\u0131 incelemede, K\u00f6ken\u2019in hayat\u0131n\u0131 kaybetti\u011fini belirledi. Yap\u0131lan g\u00fcvenlik kameras\u0131 incelemesinde K\u00f6ken\u2019in balkondaki \u00e7e\u015fmede elini y\u0131kad\u0131ktan sonra eve girerken kap\u0131n\u0131n \u00f6n\u00fcne y\u0131\u011f\u0131ld\u0131\u011f\u0131 belirlendi. Cenaze otopsi i\u00e7in AD\u00dc Hastanesi morguna kald\u0131r\u0131ld\u0131. Alkol ba\u011f\u0131ml\u0131s\u0131 oldu\u011fu iddia edilen K\u00f6ken\u2019in ayr\u0131ca 21 su\u00e7 kayd\u0131 oldu\u011fu \u00f6\u011frenildi. Olayla ilgili inceleme s\u00fcr\u00fcyor.<br \/><\/p>\n","protected":false},"excerpt":{"rendered":"<p>Ayd\u0131n\u2019\u0131n \u0130ncirliova il\u00e7esine ba\u011fl\u0131 Acarlar Mahallesi\u2019nde ya\u015fayan Taner K\u00f6ken(35) evinin \u00f6n\u00fcnde \u00f6l\u00fc halde bulundu. Olay, Acarlar Mahallesi 1769 Sokak\u2019ta ya\u015fand\u0131. Edinilen bilgilere g\u00f6re, yaln\u0131z ya\u015fayan Taner K\u00f6ken, evinin \u00f6n\u00fcnde hareketsiz halde yatt\u0131\u011f\u0131 y\u00f6n\u00fcnde ihbar 112 Acil \u00c7a\u011fr\u0131 Merkezine yap\u0131ld\u0131. Olay yerine polis ve sa\u011fl\u0131k ekipleri sevk edildi. Sa\u011fl\u0131k ekipleri yapt\u0131klar\u0131 incelemede, K\u00f6ken\u2019in hayat\u0131n\u0131 kaybetti\u011fini belirledi&#8230;.<\/p>\n","protected":false},"author":1,"featured_media":41684,"comment_status":"open","ping_status":"open","sticky":false,"template":"","format":"standard","meta":{"_crdt_document":"","footnotes":""},"categories":[5],"tags":[],"class_list":["post-41683","post","type-post","status-publish","format-standard","has-post-thumbnail","hentry","category-asayis"],"_links":{"self":[{"href":"https:\/\/www.egemtv.com\/index.php?rest_route=\/wp\/v2\/posts\/41683","targetHints":{"allow":["GET"]}}],"collection":[{"href":"https:\/\/www.egemtv.com\/index.php?rest_route=\/wp\/v2\/posts"}],"about":[{"href":"https:\/\/www.egemtv.com\/index.php?rest_route=\/wp\/v2\/types\/post"}],"author":[{"embeddable":true,"href":"https:\/\/www.egemtv.com\/index.php?rest_route=\/wp\/v2\/users\/1"}],"replies":[{"embeddable":true,"href":"https:\/\/www.egemtv.com\/index.php?rest_route=%2Fwp%2Fv2%2Fcomments&post=41683"}],"version-history":[{"count":1,"href":"https:\/\/www.egemtv.com\/index.php?rest_route=\/wp\/v2\/posts\/41683\/revisions"}],"predecessor-version":[{"id":41685,"href":"https:\/\/www.egemtv.com\/index.php?rest_route=\/wp\/v2\/posts\/41683\/revisions\/41685"}],"wp:featuredmedia":[{"embeddable":true,"href":"https:\/\/www.egemtv.com\/index.php?rest_route=\/wp\/v2\/media\/41684"}],"wp:attachment":[{"href":"https:\/\/www.egemtv.com\/index.php?rest_route=%2Fwp%2Fv2%2Fmedia&parent=41683"}],"wp:term":[{"taxonomy":"category","embeddable":true,"href":"https:\/\/www.egemtv.com\/index.php?rest_route=%2Fwp%2Fv2%2Fcategories&post=41683"},{"taxonomy":"post_tag","embeddable":true,"href":"https:\/\/www.egemtv.com\/index.php?rest_route=%2Fwp%2Fv2%2Ftags&post=41683"}],"curies":[{"name":"wp","href":"https:\/\/api.w.org\/{rel}","templated":true}]}}