{"id":41680,"date":"2025-07-12T18:35:45","date_gmt":"2025-07-12T15:35:45","guid":{"rendered":"https:\/\/www.egemtv.com\/?p=41680"},"modified":"2025-07-12T18:35:49","modified_gmt":"2025-07-12T15:35:49","slug":"burdurda-asayis-uygulamalarinda-2-haftada-39-aranan-sahis-yakalandi","status":"publish","type":"post","link":"https:\/\/www.egemtv.com\/?p=41680","title":{"rendered":"Burdur\u2019da asayi\u015f uygulamalar\u0131nda 2 haftada 39 aranan \u015fah\u0131s yakaland\u0131"},"content":{"rendered":"<p>Burdur \u0130l Emniyet M\u00fcd\u00fcrl\u00fc\u011f\u00fc ekipleri taraf\u0131ndan 27 Haziran-11 Temmuz tarihleri aras\u0131nda il genelinde yap\u0131lan \u00e7al\u0131\u015fmalarda \u00e7e\u015fitli 39 aranan \u015fah\u0131s yakaland\u0131 .<br \/>\n<br \/>Asayi\u015f ve g\u00fcvenlik uygulamalar\u0131 \u00e7er\u00e7evesinde toplam 16 bin 588 ki\u015finin Genel Bilgi Toplama (GBT) sorgusu yap\u0131ld\u0131. Ger\u00e7ekle\u015ftirilen denetim ve aramalarda 2 adet tabanca, 8 adet yivsiz av t\u00fcfe\u011fi ile 6 adet kesici ve delici alet (b\u0131\u00e7ak, \u00e7ak\u0131 vb.) ele ge\u00e7irildi. Ele ge\u00e7irilen silahlarla ilgili olarak 4 \u015fah\u0131s hakk\u0131nda &#8220;6136 Say\u0131l\u0131 Kanun\u2019a muhalefet&#8221; su\u00e7undan adli i\u015flem ba\u015flat\u0131ld\u0131. \u0130l genelinde y\u00fcr\u00fct\u00fclen denetim faaliyetlerinde 50 umuma a\u00e7\u0131k i\u015f yeri kontrol edilirken, mevzuata ayk\u0131r\u0131 faaliyette bulundu\u011fu tespit edilen 2 i\u015f yeri hakk\u0131nda idari yapt\u0131r\u0131m uygulanmak \u00fczere ilgili kurumlara bildirimde bulunuldu.<\/p>\n<p>Ki\u015filere kar\u015f\u0131 i\u015flenen su\u00e7lar\u0131n b\u00fcy\u00fck b\u00f6l\u00fcm\u00fc ayd\u0131nlat\u0131ld\u0131<br \/>\n<br \/>Kasten yaralama, tehdit, hakaret gibi ki\u015filere kar\u015f\u0131 i\u015flenen su\u00e7larla m\u00fccadele kapsam\u0131nda toplam 152 olay meydana geldi. Bu olaylar\u0131n 149\u2019u k\u0131sa s\u00fcrede ayd\u0131nlat\u0131l\u0131rken, olaylarla ba\u011flant\u0131l\u0131 oldu\u011fu belirlenen 184 \u015f\u00fcpheli hakk\u0131nda adli i\u015flem ba\u015flat\u0131ld\u0131.<\/p>\n<p>Mal varl\u0131\u011f\u0131na kar\u015f\u0131 su\u00e7larla ilgili \u00e7al\u0131\u015fmalar s\u00fcr\u00fcyor<br \/>\n<br \/>H\u0131rs\u0131zl\u0131k, doland\u0131r\u0131c\u0131l\u0131k ve ya\u011fma gibi mal varl\u0131\u011f\u0131na kar\u015f\u0131 i\u015flenen su\u00e7larla m\u00fccadele \u00e7al\u0131\u015fmalar\u0131 \u00e7er\u00e7evesinde ise 33 olaydan 19\u2019u ayd\u0131nlat\u0131ld\u0131. Bu olaylarla ilgili 15 \u015f\u00fcpheli hakk\u0131nda adli i\u015flem yap\u0131ld\u0131.<\/p>\n<p>Aranan \u015fah\u0131slara y\u00f6nelik operasyonlar sonu\u00e7 verdi<br \/>\n<br \/>Farkl\u0131 su\u00e7lardan aranan \u015fah\u0131slar\u0131n yakalanmas\u0131na y\u00f6nelik yap\u0131lan \u00e7al\u0131\u015fmalarda toplam 39 \u015fah\u0131s yakaland\u0131. Yakalanan \u015fah\u0131slardan 19\u2019unun hapis cezas\u0131, 20\u2019sinin ise ifadeye y\u00f6nelik arand\u0131\u011f\u0131 tespit edildi. \u015eah\u0131slar, gerekli i\u015flemlerin ard\u0131ndan adli makamlara sevk edildi.<br \/><\/p>\n","protected":false},"excerpt":{"rendered":"<p>Burdur \u0130l Emniyet M\u00fcd\u00fcrl\u00fc\u011f\u00fc ekipleri taraf\u0131ndan 27 Haziran-11 Temmuz tarihleri aras\u0131nda il genelinde yap\u0131lan \u00e7al\u0131\u015fmalarda \u00e7e\u015fitli 39 aranan \u015fah\u0131s yakaland\u0131 . Asayi\u015f ve g\u00fcvenlik uygulamalar\u0131 \u00e7er\u00e7evesinde toplam 16 bin 588 ki\u015finin Genel Bilgi Toplama (GBT) sorgusu yap\u0131ld\u0131. Ger\u00e7ekle\u015ftirilen denetim ve aramalarda 2 adet tabanca, 8 adet yivsiz av t\u00fcfe\u011fi ile 6 adet kesici ve delici&#8230;<\/p>\n","protected":false},"author":1,"featured_media":41681,"comment_status":"open","ping_status":"open","sticky":false,"template":"","format":"standard","meta":{"_crdt_document":"","footnotes":""},"categories":[5],"tags":[],"class_list":["post-41680","post","type-post","status-publish","format-standard","has-post-thumbnail","hentry","category-asayis"],"_links":{"self":[{"href":"https:\/\/www.egemtv.com\/index.php?rest_route=\/wp\/v2\/posts\/41680","targetHints":{"allow":["GET"]}}],"collection":[{"href":"https:\/\/www.egemtv.com\/index.php?rest_route=\/wp\/v2\/posts"}],"about":[{"href":"https:\/\/www.egemtv.com\/index.php?rest_route=\/wp\/v2\/types\/post"}],"author":[{"embeddable":true,"href":"https:\/\/www.egemtv.com\/index.php?rest_route=\/wp\/v2\/users\/1"}],"replies":[{"embeddable":true,"href":"https:\/\/www.egemtv.com\/index.php?rest_route=%2Fwp%2Fv2%2Fcomments&post=41680"}],"version-history":[{"count":1,"href":"https:\/\/www.egemtv.com\/index.php?rest_route=\/wp\/v2\/posts\/41680\/revisions"}],"predecessor-version":[{"id":41682,"href":"https:\/\/www.egemtv.com\/index.php?rest_route=\/wp\/v2\/posts\/41680\/revisions\/41682"}],"wp:featuredmedia":[{"embeddable":true,"href":"https:\/\/www.egemtv.com\/index.php?rest_route=\/wp\/v2\/media\/41681"}],"wp:attachment":[{"href":"https:\/\/www.egemtv.com\/index.php?rest_route=%2Fwp%2Fv2%2Fmedia&parent=41680"}],"wp:term":[{"taxonomy":"category","embeddable":true,"href":"https:\/\/www.egemtv.com\/index.php?rest_route=%2Fwp%2Fv2%2Fcategories&post=41680"},{"taxonomy":"post_tag","embeddable":true,"href":"https:\/\/www.egemtv.com\/index.php?rest_route=%2Fwp%2Fv2%2Ftags&post=41680"}],"curies":[{"name":"wp","href":"https:\/\/api.w.org\/{rel}","templated":true}]}}