{"id":41674,"date":"2025-07-12T18:35:38","date_gmt":"2025-07-12T15:35:38","guid":{"rendered":"https:\/\/www.egemtv.com\/?p=41674"},"modified":"2025-07-12T18:35:41","modified_gmt":"2025-07-12T15:35:41","slug":"traktorun-kepcesinin-elektrik-tellerine-temas-etmesi-ile-cikan-yanginda-50-donum-arazi-yandi","status":"publish","type":"post","link":"https:\/\/www.egemtv.com\/?p=41674","title":{"rendered":"Trakt\u00f6r\u00fcn kep\u00e7esinin elektrik tellerine temas etmesi ile \u00e7\u0131kan yang\u0131nda 50 d\u00f6n\u00fcm arazi yand\u0131"},"content":{"rendered":"<p>Burdur\u2019un Karamanl\u0131 il\u00e7esinde trakt\u00f6r kep\u00e7esinin elektrik tellerine temas etmesi sonucu kopan kablo, saman y\u00fckl\u00fc r\u00f6morkta yang\u0131na yol a\u00e7t\u0131. Yang\u0131n k\u0131sa s\u00fcrede \u00e7evredeki ekili alanlara s\u0131\u00e7rayarak, yakla\u015f\u0131k 50 d\u00f6n\u00fcm arazinin zarar g\u00f6rmesine neden oldu.<br \/>\n<br \/>Yang\u0131n, \u00f6\u011fle saatlerinde \u0130slam Armudu mevkiinde meydana geldi. Edinilen bilgilere g\u00f6re, trakt\u00f6r kep\u00e7esinin elektrik tellerine de\u011fmesi sonucu kopan kablonun yol a\u00e7t\u0131\u011f\u0131 k\u0131v\u0131lc\u0131mlar, r\u00f6morkta bulunan saman balyalar\u0131n\u0131 tutu\u015fturdu. Trakt\u00f6r s\u00fcr\u00fcc\u00fcs\u00fc, arac\u0131 h\u0131zla r\u00f6morktan ay\u0131rarak yang\u0131n\u0131n daha fazla b\u00fcy\u00fcmesini \u00f6nlemeye \u00e7al\u0131\u015ft\u0131. Ancak alevler k\u0131sa s\u00fcrede r\u00f6morktan \u00e7evredeki ekili arazilere s\u0131\u00e7rad\u0131. \u0130hbar \u00fczerine Karamanl\u0131 ve Tefenni itfaiyesi ekipleri olay yerine sevk edildi. \u0130\u015f makineleri ve b\u00f6lgedeki vatanda\u015flar da trakt\u00f6rleriyle yang\u0131na m\u00fcdahalede bulundu. \u0130tfaiye ekipleri ve b\u00f6lge halk\u0131n\u0131n yo\u011fun \u00e7al\u0131\u015fmalar\u0131 sonucunda yang\u0131n k\u0131sa s\u00fcrede kontrol alt\u0131na al\u0131nd\u0131. Yang\u0131nda yakla\u015f\u0131k 50 d\u00f6n\u00fcm ekili alan ve saman y\u00fckl\u00fc r\u00f6mork tamamen yanarak kullan\u0131lamaz hale geldi.<br \/>\n<br \/>Olayla ilgili inceleme ba\u015flat\u0131ld\u0131.<br \/><\/p>\n","protected":false},"excerpt":{"rendered":"<p>Burdur\u2019un Karamanl\u0131 il\u00e7esinde trakt\u00f6r kep\u00e7esinin elektrik tellerine temas etmesi sonucu kopan kablo, saman y\u00fckl\u00fc r\u00f6morkta yang\u0131na yol a\u00e7t\u0131. Yang\u0131n k\u0131sa s\u00fcrede \u00e7evredeki ekili alanlara s\u0131\u00e7rayarak, yakla\u015f\u0131k 50 d\u00f6n\u00fcm arazinin zarar g\u00f6rmesine neden oldu. Yang\u0131n, \u00f6\u011fle saatlerinde \u0130slam Armudu mevkiinde meydana geldi. Edinilen bilgilere g\u00f6re, trakt\u00f6r kep\u00e7esinin elektrik tellerine de\u011fmesi sonucu kopan kablonun yol a\u00e7t\u0131\u011f\u0131 k\u0131v\u0131lc\u0131mlar,&#8230;<\/p>\n","protected":false},"author":1,"featured_media":41675,"comment_status":"open","ping_status":"open","sticky":false,"template":"","format":"standard","meta":{"_crdt_document":"","footnotes":""},"categories":[5],"tags":[],"class_list":["post-41674","post","type-post","status-publish","format-standard","has-post-thumbnail","hentry","category-asayis"],"_links":{"self":[{"href":"https:\/\/www.egemtv.com\/index.php?rest_route=\/wp\/v2\/posts\/41674","targetHints":{"allow":["GET"]}}],"collection":[{"href":"https:\/\/www.egemtv.com\/index.php?rest_route=\/wp\/v2\/posts"}],"about":[{"href":"https:\/\/www.egemtv.com\/index.php?rest_route=\/wp\/v2\/types\/post"}],"author":[{"embeddable":true,"href":"https:\/\/www.egemtv.com\/index.php?rest_route=\/wp\/v2\/users\/1"}],"replies":[{"embeddable":true,"href":"https:\/\/www.egemtv.com\/index.php?rest_route=%2Fwp%2Fv2%2Fcomments&post=41674"}],"version-history":[{"count":1,"href":"https:\/\/www.egemtv.com\/index.php?rest_route=\/wp\/v2\/posts\/41674\/revisions"}],"predecessor-version":[{"id":41676,"href":"https:\/\/www.egemtv.com\/index.php?rest_route=\/wp\/v2\/posts\/41674\/revisions\/41676"}],"wp:featuredmedia":[{"embeddable":true,"href":"https:\/\/www.egemtv.com\/index.php?rest_route=\/wp\/v2\/media\/41675"}],"wp:attachment":[{"href":"https:\/\/www.egemtv.com\/index.php?rest_route=%2Fwp%2Fv2%2Fmedia&parent=41674"}],"wp:term":[{"taxonomy":"category","embeddable":true,"href":"https:\/\/www.egemtv.com\/index.php?rest_route=%2Fwp%2Fv2%2Fcategories&post=41674"},{"taxonomy":"post_tag","embeddable":true,"href":"https:\/\/www.egemtv.com\/index.php?rest_route=%2Fwp%2Fv2%2Ftags&post=41674"}],"curies":[{"name":"wp","href":"https:\/\/api.w.org\/{rel}","templated":true}]}}