{"id":41671,"date":"2025-07-12T18:18:23","date_gmt":"2025-07-12T15:18:23","guid":{"rendered":"https:\/\/www.egemtv.com\/?p=41671"},"modified":"2025-07-12T18:18:27","modified_gmt":"2025-07-12T15:18:27","slug":"incirde-hasat-ve-ihracat-tarihi-belli-oldu","status":"publish","type":"post","link":"https:\/\/www.egemtv.com\/?p=41671","title":{"rendered":"\u0130ncirde hasat ve ihracat tarihi belli oldu"},"content":{"rendered":"<p>Ayd\u0131n\u2019\u0131n \u00f6nemli ihracat \u00fcr\u00fcnlerinden olan incirde sezon tela\u015f\u0131 devam ederken, incir kesim ve ihra\u00e7 tarihleri belli oldu.<\/p>\n<p>T\u00fcrkiye\u2019nin en kaliteli incirlerinin yeti\u015fti\u011fi Ayd\u0131n\u2019da sezon hareketlili\u011fi devam ederken, incirde hasat ve ihracat tarihleri de belli oldu. T\u00fcm semavi dinlerde kutsal meyve olarak tan\u0131mlanan, d\u00fc\u015f\u00fck kalorisiyle diyetlerde tavsiye edilen taze incirde hasat zaman\u0131 ba\u015flad\u0131. Ayd\u0131n\u2019da yeti\u015fen sar\u0131lop t\u00fcr\u00fc taze incir ve \u0130ngiliz Kraliyet Ailesinin sofralar\u0131n\u0131 s\u00fcsleyen Bursa Siyah\u0131 olarak tan\u0131mlanan siyah incir i\u00e7in ilk kesim ve ihra\u00e7 tarihleri belli oldu. Al\u0131nan karara g\u00f6re sar\u0131lop incir 17 Temmuz\u2019da hasat edilebilecek, 18 Temmuz\u2019da ise ihracat\u0131na izin verilecek. Siyah incirde de kesim tarihi 21 Temmuz, ihra\u00e7 tarihi ise 22 Temmuz olarak belirlendi.<\/p>\n<p>Ayd\u0131n \u0130l Tar\u0131m ve Orman M\u00fcd\u00fcrl\u00fc\u011f\u00fc\u2019nden yap\u0131lan a\u00e7\u0131klamada &#8220;B\u00f6lgemizde \u00fcretimi yap\u0131lan Siyah ve Sar\u0131lop \u00e7e\u015fidi taze incirin Kesim, Toplama ve \u0130hra\u00e7 Tarihlerini Belirleme Komisyonu taraf\u0131ndan Ayd\u0131n ili ve il\u00e7elerindeki emsal te\u015fkil edecek bah\u00e7elerde yapt\u0131klar\u0131 incelemeler sonucunda genel \u00f6zellikler, s\u0131n\u0131f \u00f6zellikleri ve olgunluk y\u00f6n\u00fcnden komisyon \u00fcyeleri taraf\u0131ndan yap\u0131lan de\u011ferlendirmeler sonucuna g\u00f6re b\u00f6lgemizde yeti\u015fen sar\u0131lop \u00e7e\u015fidi taze incirin d\u0131\u015f kabuk rengi ve \u015feklinin, meyve i\u00e7i etinin yeterli yeme olgunlu\u011funa eri\u015fti\u011fi tespit edildi\u011finden 17 Temmuz 2025 tarihinde kesimine ve 18 Temmuz 2025 tarihinde ihracat\u0131na, siyah taze incir \u00e7e\u015fidi d\u0131\u015f kabuk rengi ve \u015feklinin, meyve i\u00e7 etinin yeterli yeme olgunlu\u011funa eri\u015fti\u011fi tespit edildi\u011finden 21 Temmuz 2025 tarihinde kesimine ve 22 Temmuz 2025 tarihinde de ihracat\u0131na izin verilmesi, komisyon taraf\u0131ndan uygun bulunmu\u015ftur&#8221; ifadeleri yer ald\u0131.<br \/><\/p>\n","protected":false},"excerpt":{"rendered":"<p>Ayd\u0131n\u2019\u0131n \u00f6nemli ihracat \u00fcr\u00fcnlerinden olan incirde sezon tela\u015f\u0131 devam ederken, incir kesim ve ihra\u00e7 tarihleri belli oldu. T\u00fcrkiye\u2019nin en kaliteli incirlerinin yeti\u015fti\u011fi Ayd\u0131n\u2019da sezon hareketlili\u011fi devam ederken, incirde hasat ve ihracat tarihleri de belli oldu. T\u00fcm semavi dinlerde kutsal meyve olarak tan\u0131mlanan, d\u00fc\u015f\u00fck kalorisiyle diyetlerde tavsiye edilen taze incirde hasat zaman\u0131 ba\u015flad\u0131. Ayd\u0131n\u2019da yeti\u015fen sar\u0131lop&#8230;<\/p>\n","protected":false},"author":1,"featured_media":41672,"comment_status":"open","ping_status":"open","sticky":false,"template":"","format":"standard","meta":{"_crdt_document":"","footnotes":""},"categories":[125],"tags":[],"class_list":["post-41671","post","type-post","status-publish","format-standard","has-post-thumbnail","hentry","category-ekonomi"],"_links":{"self":[{"href":"https:\/\/www.egemtv.com\/index.php?rest_route=\/wp\/v2\/posts\/41671","targetHints":{"allow":["GET"]}}],"collection":[{"href":"https:\/\/www.egemtv.com\/index.php?rest_route=\/wp\/v2\/posts"}],"about":[{"href":"https:\/\/www.egemtv.com\/index.php?rest_route=\/wp\/v2\/types\/post"}],"author":[{"embeddable":true,"href":"https:\/\/www.egemtv.com\/index.php?rest_route=\/wp\/v2\/users\/1"}],"replies":[{"embeddable":true,"href":"https:\/\/www.egemtv.com\/index.php?rest_route=%2Fwp%2Fv2%2Fcomments&post=41671"}],"version-history":[{"count":1,"href":"https:\/\/www.egemtv.com\/index.php?rest_route=\/wp\/v2\/posts\/41671\/revisions"}],"predecessor-version":[{"id":41673,"href":"https:\/\/www.egemtv.com\/index.php?rest_route=\/wp\/v2\/posts\/41671\/revisions\/41673"}],"wp:featuredmedia":[{"embeddable":true,"href":"https:\/\/www.egemtv.com\/index.php?rest_route=\/wp\/v2\/media\/41672"}],"wp:attachment":[{"href":"https:\/\/www.egemtv.com\/index.php?rest_route=%2Fwp%2Fv2%2Fmedia&parent=41671"}],"wp:term":[{"taxonomy":"category","embeddable":true,"href":"https:\/\/www.egemtv.com\/index.php?rest_route=%2Fwp%2Fv2%2Fcategories&post=41671"},{"taxonomy":"post_tag","embeddable":true,"href":"https:\/\/www.egemtv.com\/index.php?rest_route=%2Fwp%2Fv2%2Ftags&post=41671"}],"curies":[{"name":"wp","href":"https:\/\/api.w.org\/{rel}","templated":true}]}}