{"id":41668,"date":"2025-07-12T17:55:09","date_gmt":"2025-07-12T14:55:09","guid":{"rendered":"https:\/\/www.egemtv.com\/?p=41668"},"modified":"2025-07-12T17:55:14","modified_gmt":"2025-07-12T14:55:14","slug":"bafa-golunde-su-urunleri-denetimi-yapildi","status":"publish","type":"post","link":"https:\/\/www.egemtv.com\/?p=41668","title":{"rendered":"Bafa G\u00f6l\u00fc\u2019nde su \u00fcr\u00fcnleri denetimi yap\u0131ld\u0131"},"content":{"rendered":"<p>Ayd\u0131n\u2019\u0131n S\u00f6ke il\u00e7esinde sahaya inen il\u00e7e tar\u0131m ekipleri, jandarma ekipleriyle birlikte T\u00fcrkiye\u2019nin \u00f6nemli sulak alanlar\u0131ndan olan Bafa G\u00f6l\u00fc Tabiat Park\u0131\u2019nda su \u00fcr\u00fcnleri denetimi ger\u00e7ekle\u015ftirdi.<br \/>\n<br \/>Ayd\u0131n\u2019\u0131n S\u00f6ke il\u00e7esinde \u0130l\u00e7e Tar\u0131m ve Orman M\u00fcd\u00fcrl\u00fc\u011f\u00fc Su \u00dcr\u00fcnleri Kontrol ekibi, su \u00fcr\u00fcnlerine y\u00f6nelik ger\u00e7ekle\u015ftirdi\u011fi denetimlerine aral\u0131ks\u0131z devam ediyor. Bu kapsamda ekipler, biyolojik \u00e7e\u015fitlilik ve k\u00fclt\u00fcr varl\u0131klar\u0131 a\u00e7\u0131s\u0131ndan T\u00fcrkiye\u2019nin en \u00f6nemli sulak alanlar\u0131ndan biri olan Bafa G\u00f6l\u00fc Tabiat Park\u0131\u2019nda denetim ger\u00e7ekle\u015ftirdi. S\u00f6ke Jandarma Karakol Komutanl\u0131\u011f\u0131 Asayi\u015f Bot Timi personelleri ile ortakla\u015fa ger\u00e7ekle\u015ftirilen denetimlerde ka\u00e7ak avlanma ba\u015fta olmak \u00fczere g\u00f6lde su \u00fcr\u00fcnleri denetimi yap\u0131ld\u0131.<br \/>\n<br \/>Konu ile ilgili S\u00f6ke \u0130l\u00e7e Tar\u0131m ve Orman M\u00fcd\u00fcrl\u00fc\u011f\u00fc\u2019nden yap\u0131lan a\u00e7\u0131klamada &#8220;1380 Say\u0131l\u0131 Su \u00dcr\u00fcnleri Kanunu kapsam\u0131nda, \u0130l\u00e7e M\u00fcd\u00fcrl\u00fc\u011f\u00fcm\u00fcz su \u00fcr\u00fcnleri kontrol g\u00f6revlileri ve S\u00f6ke Jandarma Karakol Komutanl\u0131\u011f\u0131 Asayi\u015f Bot Timi personelleri ile Bafa G\u00f6l\u00fcnde su \u00fcr\u00fcnleri denetimleri yap\u0131lm\u0131\u015ft\u0131r&#8221; ifadeleri yer ald\u0131.<br \/><\/p>\n","protected":false},"excerpt":{"rendered":"<p>Ayd\u0131n\u2019\u0131n S\u00f6ke il\u00e7esinde sahaya inen il\u00e7e tar\u0131m ekipleri, jandarma ekipleriyle birlikte T\u00fcrkiye\u2019nin \u00f6nemli sulak alanlar\u0131ndan olan Bafa G\u00f6l\u00fc Tabiat Park\u0131\u2019nda su \u00fcr\u00fcnleri denetimi ger\u00e7ekle\u015ftirdi. Ayd\u0131n\u2019\u0131n S\u00f6ke il\u00e7esinde \u0130l\u00e7e Tar\u0131m ve Orman M\u00fcd\u00fcrl\u00fc\u011f\u00fc Su \u00dcr\u00fcnleri Kontrol ekibi, su \u00fcr\u00fcnlerine y\u00f6nelik ger\u00e7ekle\u015ftirdi\u011fi denetimlerine aral\u0131ks\u0131z devam ediyor. Bu kapsamda ekipler, biyolojik \u00e7e\u015fitlilik ve k\u00fclt\u00fcr varl\u0131klar\u0131 a\u00e7\u0131s\u0131ndan T\u00fcrkiye\u2019nin en&#8230;<\/p>\n","protected":false},"author":1,"featured_media":41669,"comment_status":"open","ping_status":"open","sticky":false,"template":"","format":"standard","meta":{"_crdt_document":"","footnotes":""},"categories":[1],"tags":[],"class_list":["post-41668","post","type-post","status-publish","format-standard","has-post-thumbnail","hentry","category-guncel"],"_links":{"self":[{"href":"https:\/\/www.egemtv.com\/index.php?rest_route=\/wp\/v2\/posts\/41668","targetHints":{"allow":["GET"]}}],"collection":[{"href":"https:\/\/www.egemtv.com\/index.php?rest_route=\/wp\/v2\/posts"}],"about":[{"href":"https:\/\/www.egemtv.com\/index.php?rest_route=\/wp\/v2\/types\/post"}],"author":[{"embeddable":true,"href":"https:\/\/www.egemtv.com\/index.php?rest_route=\/wp\/v2\/users\/1"}],"replies":[{"embeddable":true,"href":"https:\/\/www.egemtv.com\/index.php?rest_route=%2Fwp%2Fv2%2Fcomments&post=41668"}],"version-history":[{"count":1,"href":"https:\/\/www.egemtv.com\/index.php?rest_route=\/wp\/v2\/posts\/41668\/revisions"}],"predecessor-version":[{"id":41670,"href":"https:\/\/www.egemtv.com\/index.php?rest_route=\/wp\/v2\/posts\/41668\/revisions\/41670"}],"wp:featuredmedia":[{"embeddable":true,"href":"https:\/\/www.egemtv.com\/index.php?rest_route=\/wp\/v2\/media\/41669"}],"wp:attachment":[{"href":"https:\/\/www.egemtv.com\/index.php?rest_route=%2Fwp%2Fv2%2Fmedia&parent=41668"}],"wp:term":[{"taxonomy":"category","embeddable":true,"href":"https:\/\/www.egemtv.com\/index.php?rest_route=%2Fwp%2Fv2%2Fcategories&post=41668"},{"taxonomy":"post_tag","embeddable":true,"href":"https:\/\/www.egemtv.com\/index.php?rest_route=%2Fwp%2Fv2%2Ftags&post=41668"}],"curies":[{"name":"wp","href":"https:\/\/api.w.org\/{rel}","templated":true}]}}