{"id":41659,"date":"2025-07-12T16:55:12","date_gmt":"2025-07-12T13:55:12","guid":{"rendered":"https:\/\/www.egemtv.com\/?p=41659"},"modified":"2025-07-12T16:55:20","modified_gmt":"2025-07-12T13:55:20","slug":"milasta-otobanda-otobusun-carptigi-yaya-hayatini-kaybetti","status":"publish","type":"post","link":"https:\/\/www.egemtv.com\/?p=41659","title":{"rendered":"Milas\u2019ta otobanda otob\u00fcs\u00fcn \u00e7arpt\u0131\u011f\u0131 yaya hayat\u0131n\u0131 kaybetti"},"content":{"rendered":"<p>Mu\u011fla\u2019n\u0131n Milas il\u00e7esinde otoyolda kar\u015f\u0131dan kar\u015f\u0131ya ge\u00e7meye \u00e7al\u0131\u015fan yaya, yolcu otob\u00fcs\u00fcn\u00fcn \u00e7arpmas\u0131 sonucu hayat\u0131n\u0131 kaybetti.<\/p>\n<p>Edinilen bilgilere g\u00f6re, Bodrum-\u0130stanbul seferini yapan \u00f6zel bir firmaya ait yolcu otob\u00fcs\u00fc, Milas\/Akyol mevkiinde aniden \u00f6n\u00fcne \u00e7\u0131kan yayaya \u00e7arpt\u0131. \u015eehirleraras\u0131 otoyolda kar\u015f\u0131dan kar\u015f\u0131ya ge\u00e7meye \u00e7al\u0131\u015fan yaya, \u00e7arpman\u0131n etkisiyle a\u011f\u0131r yaraland\u0131.<\/p>\n<p>\u0130hbar \u00fczerine olay yerine 112 Acil Sa\u011fl\u0131k, itfaiye ve polis ekipleri sevk edildi. Sa\u011fl\u0131k ekiplerinin kaza yerindeki t\u00fcm m\u00fcdahalelerine ra\u011fmen ismi hen\u00fcz \u00f6\u011frenilemeyen yaya kurtar\u0131lamayarak, hayat\u0131n\u0131 kaybetti.<\/p>\n<p>Ara\u00e7ta hafif \u00e7apta maddi hazar meydana gelirken kazayla ilgili de inceleme ba\u015flat\u0131ld\u0131.<br \/><\/p>\n","protected":false},"excerpt":{"rendered":"<p>Mu\u011fla\u2019n\u0131n Milas il\u00e7esinde otoyolda kar\u015f\u0131dan kar\u015f\u0131ya ge\u00e7meye \u00e7al\u0131\u015fan yaya, yolcu otob\u00fcs\u00fcn\u00fcn \u00e7arpmas\u0131 sonucu hayat\u0131n\u0131 kaybetti. Edinilen bilgilere g\u00f6re, Bodrum-\u0130stanbul seferini yapan \u00f6zel bir firmaya ait yolcu otob\u00fcs\u00fc, Milas\/Akyol mevkiinde aniden \u00f6n\u00fcne \u00e7\u0131kan yayaya \u00e7arpt\u0131. \u015eehirleraras\u0131 otoyolda kar\u015f\u0131dan kar\u015f\u0131ya ge\u00e7meye \u00e7al\u0131\u015fan yaya, \u00e7arpman\u0131n etkisiyle a\u011f\u0131r yaraland\u0131. \u0130hbar \u00fczerine olay yerine 112 Acil Sa\u011fl\u0131k, itfaiye ve polis&#8230;<\/p>\n","protected":false},"author":1,"featured_media":41660,"comment_status":"open","ping_status":"open","sticky":false,"template":"","format":"standard","meta":{"_crdt_document":"","footnotes":""},"categories":[5],"tags":[],"class_list":["post-41659","post","type-post","status-publish","format-standard","has-post-thumbnail","hentry","category-asayis"],"_links":{"self":[{"href":"https:\/\/www.egemtv.com\/index.php?rest_route=\/wp\/v2\/posts\/41659","targetHints":{"allow":["GET"]}}],"collection":[{"href":"https:\/\/www.egemtv.com\/index.php?rest_route=\/wp\/v2\/posts"}],"about":[{"href":"https:\/\/www.egemtv.com\/index.php?rest_route=\/wp\/v2\/types\/post"}],"author":[{"embeddable":true,"href":"https:\/\/www.egemtv.com\/index.php?rest_route=\/wp\/v2\/users\/1"}],"replies":[{"embeddable":true,"href":"https:\/\/www.egemtv.com\/index.php?rest_route=%2Fwp%2Fv2%2Fcomments&post=41659"}],"version-history":[{"count":1,"href":"https:\/\/www.egemtv.com\/index.php?rest_route=\/wp\/v2\/posts\/41659\/revisions"}],"predecessor-version":[{"id":41661,"href":"https:\/\/www.egemtv.com\/index.php?rest_route=\/wp\/v2\/posts\/41659\/revisions\/41661"}],"wp:featuredmedia":[{"embeddable":true,"href":"https:\/\/www.egemtv.com\/index.php?rest_route=\/wp\/v2\/media\/41660"}],"wp:attachment":[{"href":"https:\/\/www.egemtv.com\/index.php?rest_route=%2Fwp%2Fv2%2Fmedia&parent=41659"}],"wp:term":[{"taxonomy":"category","embeddable":true,"href":"https:\/\/www.egemtv.com\/index.php?rest_route=%2Fwp%2Fv2%2Fcategories&post=41659"},{"taxonomy":"post_tag","embeddable":true,"href":"https:\/\/www.egemtv.com\/index.php?rest_route=%2Fwp%2Fv2%2Ftags&post=41659"}],"curies":[{"name":"wp","href":"https:\/\/api.w.org\/{rel}","templated":true}]}}