{"id":41656,"date":"2025-07-12T16:15:38","date_gmt":"2025-07-12T13:15:38","guid":{"rendered":"https:\/\/www.egemtv.com\/?p=41656"},"modified":"2025-07-12T16:15:45","modified_gmt":"2025-07-12T13:15:45","slug":"yarislar-kenti-magnesiada-tarihi-koy-pazari-hizmete-girdi","status":"publish","type":"post","link":"https:\/\/www.egemtv.com\/?p=41656","title":{"rendered":"Yar\u0131\u015flar Kenti Magnesia\u2019da Tarihi K\u00f6y Pazar\u0131 hizmete girdi"},"content":{"rendered":"<p>Yakla\u015f\u0131k 190 metrelik pistiyle g\u00fcn\u00fcm\u00fcze kadar gelen, en b\u00fcy\u00fck stadyumu ile dikkat \u00e7eken ve \u2019Yar\u0131\u015flar Kenti\u2019 olarak bilinen Magnesia Antik Kenti\u2019ne dikkat \u00e7ekmek ve il\u00e7e turizmine katk\u0131da bulunmak amac\u0131yla kurulan Magnesia Tarihi K\u00f6y Pazar\u0131 hizmete girdi. \u0130lk misafirlerini a\u011f\u0131rlayan pazar\u0131n bereketli olmas\u0131 temennisinde bulunan Germencik Belediye Ba\u015fkan\u0131 Burak Zencirci ise &#8220;Biz, kad\u0131n giri\u015fiminin ve eme\u011fin her zaman yan\u0131nday\u0131z&#8221; dedi.<br \/>\n<br \/>Ayd\u0131n\u2019\u0131n Germencik il\u00e7esinde bulunan ve \u2019Yar\u0131\u015flar Kenti\u2019 olarak bilinen Magnesia Antik Kenti, Germencik Belediyesi\u2019nin yeni projesiyle hem b\u00f6lge halk\u0131n\u0131n ekonomisine hem de turizme can katmay\u0131 hedefliyor. Germencik Belediye Ba\u015fkan\u0131 Burak Zencirci \u00f6nc\u00fcl\u00fc\u011f\u00fcnde haz\u0131rlanan Magnesia Tarihi K\u00f6y Pazar\u0131, hizmete girerken ilk misafirlerini a\u011f\u0131rlad\u0131. Kurulan k\u00f6y pazar\u0131n\u0131n hem b\u00f6lge halk\u0131n\u0131n ekonomisine katk\u0131 sa\u011flamas\u0131 hem de il\u00e7enin turizm potansiyelinin art\u0131rmas\u0131 hedeflenirken, Tekin Mahallesi kad\u0131nlar\u0131 ile bir araya gelen Ba\u015fkan Zencirci, hem pazar stantlar\u0131n\u0131 gezdi hem de \u2019hay\u0131rl\u0131 olsun\u2019 temennisinde bulundu.<br \/>\n<br \/>Germencik\u2019in turizm potansiyelini art\u0131rmak i\u00e7in \u00e7al\u0131\u015fmalar\u0131na devam edeceklerini vurgulayan Ba\u015fkan Zencirci; &#8220;Belediyemizin katk\u0131lar\u0131 ve Tekin Mahallemizden kad\u0131nlar\u0131m\u0131z\u0131n eme\u011fiyle hayat bulan Magnesia Tarihi K\u00f6y Pazar\u0131 Magnesia Antik Kenti giri\u015finde faaliyetlerine ba\u015flad\u0131. Tekin Mahallesi kad\u0131nlar\u0131m\u0131z\u0131n bizden se\u00e7imden \u00f6nce bir talebi vard\u0131. \u2019Biz kendi pazar\u0131m\u0131z\u0131 olu\u015fturmak istiyoruz, Magnesia\u2019da otopark halindeki b\u00f6lgeyi mini bir pazar yerine \u00e7evirelim\u2019 diyorlard\u0131. Biz \u00fczerimize d\u00fc\u015fen g\u00f6revi yerine getirdik. Tekin\u2019deki bu g\u00fc\u00e7l\u00fc, kuvvetli, kudretleri bu ablalar\u0131m\u0131z\u0131n, bu pazar\u0131 ayakta tutmas\u0131 gerekiyor. Bu konuda hi\u00e7 bir endi\u015femiz yok. \u00c7\u00fcnk\u00fc kad\u0131n\u0131n oldu\u011fu yerde g\u00fc\u00e7 vard\u0131r. Kad\u0131n\u0131n oldu\u011fu yerde emek vard\u0131r. Kad\u0131n\u0131n oldu\u011fu yerde mutlaka ve mutlaka sonuca ula\u015f\u0131lma vard\u0131r. Cuma, Cumartesi ve Pazar g\u00fcnleri a\u00e7\u0131k olan bu \u00f6zel pazarda, el eme\u011fi, g\u00f6z nuru \u00fcr\u00fcnler sizleri bekliyor. Biz, kad\u0131n giri\u015fiminin ve eme\u011fin her zaman yan\u0131nday\u0131z. Unutmay\u0131n, kad\u0131nlar\u0131n ba\u015faramayaca\u011f\u0131, g\u00fczelle\u015ftiremeyece\u011fi hi\u00e7bir \u015fey yoktur. T\u00fcm misafirlerimizi Magnesia Pazar\u0131\u2019na bekliyoruz ve hay\u0131rl\u0131, bereketli kazan\u00e7lar diliyoruz&#8221; dedi.<br \/>\n<br \/>Tarihi k\u00f6y pazar\u0131nda stantlar\u0131n\u0131 a\u00e7an ve ilk misafirlerini a\u011f\u0131rlayan Tekinli kad\u0131nlar ise &#8220;Belediye ba\u015fkan\u0131m\u0131z\u0131n yard\u0131mlar\u0131yla bu i\u015fleri te\u015febb\u00fcse giri\u015ftik. Ama \u00e7ok g\u00fczel bir \u015fey olacak ileride in\u015fallah. Cuma, Cumartesi ve Pazar g\u00fcnleri buraday\u0131z. Herkesi bekliyoruz. Bizim i\u00e7in iyi oldu. Buras\u0131 devam ederse daha mutlu oluruz. Belediye ba\u015fkan\u0131m\u0131za da ayr\u0131ca te\u015fekk\u00fcr ediyoruz&#8221; diyerek herkesi pazara davet etti.<br \/><\/p>\n","protected":false},"excerpt":{"rendered":"<p>Yakla\u015f\u0131k 190 metrelik pistiyle g\u00fcn\u00fcm\u00fcze kadar gelen, en b\u00fcy\u00fck stadyumu ile dikkat \u00e7eken ve \u2019Yar\u0131\u015flar Kenti\u2019 olarak bilinen Magnesia Antik Kenti\u2019ne dikkat \u00e7ekmek ve il\u00e7e turizmine katk\u0131da bulunmak amac\u0131yla kurulan Magnesia Tarihi K\u00f6y Pazar\u0131 hizmete girdi. \u0130lk misafirlerini a\u011f\u0131rlayan pazar\u0131n bereketli olmas\u0131 temennisinde bulunan Germencik Belediye Ba\u015fkan\u0131 Burak Zencirci ise &#8220;Biz, kad\u0131n giri\u015fiminin ve eme\u011fin&#8230;<\/p>\n","protected":false},"author":1,"featured_media":41657,"comment_status":"open","ping_status":"open","sticky":false,"template":"","format":"standard","meta":{"_crdt_document":"","footnotes":""},"categories":[1],"tags":[],"class_list":["post-41656","post","type-post","status-publish","format-standard","has-post-thumbnail","hentry","category-guncel"],"_links":{"self":[{"href":"https:\/\/www.egemtv.com\/index.php?rest_route=\/wp\/v2\/posts\/41656","targetHints":{"allow":["GET"]}}],"collection":[{"href":"https:\/\/www.egemtv.com\/index.php?rest_route=\/wp\/v2\/posts"}],"about":[{"href":"https:\/\/www.egemtv.com\/index.php?rest_route=\/wp\/v2\/types\/post"}],"author":[{"embeddable":true,"href":"https:\/\/www.egemtv.com\/index.php?rest_route=\/wp\/v2\/users\/1"}],"replies":[{"embeddable":true,"href":"https:\/\/www.egemtv.com\/index.php?rest_route=%2Fwp%2Fv2%2Fcomments&post=41656"}],"version-history":[{"count":1,"href":"https:\/\/www.egemtv.com\/index.php?rest_route=\/wp\/v2\/posts\/41656\/revisions"}],"predecessor-version":[{"id":41658,"href":"https:\/\/www.egemtv.com\/index.php?rest_route=\/wp\/v2\/posts\/41656\/revisions\/41658"}],"wp:featuredmedia":[{"embeddable":true,"href":"https:\/\/www.egemtv.com\/index.php?rest_route=\/wp\/v2\/media\/41657"}],"wp:attachment":[{"href":"https:\/\/www.egemtv.com\/index.php?rest_route=%2Fwp%2Fv2%2Fmedia&parent=41656"}],"wp:term":[{"taxonomy":"category","embeddable":true,"href":"https:\/\/www.egemtv.com\/index.php?rest_route=%2Fwp%2Fv2%2Fcategories&post=41656"},{"taxonomy":"post_tag","embeddable":true,"href":"https:\/\/www.egemtv.com\/index.php?rest_route=%2Fwp%2Fv2%2Ftags&post=41656"}],"curies":[{"name":"wp","href":"https:\/\/api.w.org\/{rel}","templated":true}]}}