{"id":41653,"date":"2025-07-12T15:56:33","date_gmt":"2025-07-12T12:56:33","guid":{"rendered":"https:\/\/www.egemtv.com\/?p=41653"},"modified":"2025-07-12T15:56:37","modified_gmt":"2025-07-12T12:56:37","slug":"kirkagacta-38-donem-uzman-erbaslar-yemin-etti","status":"publish","type":"post","link":"https:\/\/www.egemtv.com\/?p=41653","title":{"rendered":"K\u0131rka\u011fa\u00e7\u2019ta 38. d\u00f6nem uzman erba\u015flar yemin etti"},"content":{"rendered":"<p>K\u0131rka\u011fa\u00e7 Jandarma Komando E\u011fitim Merkezi Komutanl\u0131\u011f\u0131nda ter\u00f6rle m\u00fccadele kursu g\u00f6ren 38. d\u00f6nem kursiyer uzman erba\u015flar yemin etti.<br \/>\n<br \/>T\u00f6rene Fo\u00e7a Jandarma Komando E\u011fitim Komutan\u0131 T\u00fcmgeneral Yusuf Ziyaddin Cavlak, K\u0131rka\u011fa\u00e7 Kaymakam\u0131 Zafer Oktay, Soma Kaymakam\u0131 \u00dcnal Ko\u00e7, \u015eehzadeler Kaymakam\u0131 Fatih Genel, K\u0131rka\u011fa\u00e7 Jandarma Komando E\u011fitim Merkezi Komutan\u0131 Albay Adem \u015eakrak, MCB\u00dc K\u0131rka\u011fa\u00e7 MYO Okul M\u00fcd\u00fcr\u00fc Prof. Dr. Ali Konuralp, K\u0131rka\u011fa\u00e7 Belediye Ba\u015fkan Yard\u0131mc\u0131s\u0131 Mustafa Olgun, \u0130l\u00e7e Emniyet M\u00fcd\u00fcr\u00fc Say\u0131m Ba\u015faran, daire amirleri, siyasi parti temsilcileri, asker aileleri ve \u00e7ok say\u0131da vatanda\u015f kat\u0131ld\u0131.<br \/>\n<br \/>T\u00f6ren, sayg\u0131 duru\u015funda bulunulmas\u0131 ve \u0130stiklal Mar\u015f\u0131n\u0131n okunmas\u0131n\u0131n ard\u0131ndan protokol\u00fcn askerleri selamlamas\u0131 ile ba\u015flad\u0131. 1136 Kursiyer Uzman Erba\u015f\u2019\u0131n toplu halde yemin etmesinin ard\u0131ndan, askerler taraf\u0131ndan haz\u0131rlanan g\u00f6steriler b\u00fcy\u00fck be\u011feni toplad\u0131.<br \/>\n<br \/>Aileler taraf\u0131ndan yo\u011fun kat\u0131l\u0131m\u0131n oldu\u011fu yemin t\u00f6reninin finalinde ise uzman \u00e7avu\u015flar\u0131n aileleriyle hasret gidermesi duygu dolu anlara sahne oldu. T\u00f6ren sonras\u0131 ailelerine kavu\u015fan uzman erba\u015flar b\u00fcy\u00fck mutluluk ya\u015fad\u0131.<br \/><\/p>\n","protected":false},"excerpt":{"rendered":"<p>K\u0131rka\u011fa\u00e7 Jandarma Komando E\u011fitim Merkezi Komutanl\u0131\u011f\u0131nda ter\u00f6rle m\u00fccadele kursu g\u00f6ren 38. d\u00f6nem kursiyer uzman erba\u015flar yemin etti. T\u00f6rene Fo\u00e7a Jandarma Komando E\u011fitim Komutan\u0131 T\u00fcmgeneral Yusuf Ziyaddin Cavlak, K\u0131rka\u011fa\u00e7 Kaymakam\u0131 Zafer Oktay, Soma Kaymakam\u0131 \u00dcnal Ko\u00e7, \u015eehzadeler Kaymakam\u0131 Fatih Genel, K\u0131rka\u011fa\u00e7 Jandarma Komando E\u011fitim Merkezi Komutan\u0131 Albay Adem \u015eakrak, MCB\u00dc K\u0131rka\u011fa\u00e7 MYO Okul M\u00fcd\u00fcr\u00fc Prof. Dr&#8230;.<\/p>\n","protected":false},"author":1,"featured_media":41654,"comment_status":"open","ping_status":"open","sticky":false,"template":"","format":"standard","meta":{"_crdt_document":"","footnotes":""},"categories":[1],"tags":[],"class_list":["post-41653","post","type-post","status-publish","format-standard","has-post-thumbnail","hentry","category-guncel"],"_links":{"self":[{"href":"https:\/\/www.egemtv.com\/index.php?rest_route=\/wp\/v2\/posts\/41653","targetHints":{"allow":["GET"]}}],"collection":[{"href":"https:\/\/www.egemtv.com\/index.php?rest_route=\/wp\/v2\/posts"}],"about":[{"href":"https:\/\/www.egemtv.com\/index.php?rest_route=\/wp\/v2\/types\/post"}],"author":[{"embeddable":true,"href":"https:\/\/www.egemtv.com\/index.php?rest_route=\/wp\/v2\/users\/1"}],"replies":[{"embeddable":true,"href":"https:\/\/www.egemtv.com\/index.php?rest_route=%2Fwp%2Fv2%2Fcomments&post=41653"}],"version-history":[{"count":1,"href":"https:\/\/www.egemtv.com\/index.php?rest_route=\/wp\/v2\/posts\/41653\/revisions"}],"predecessor-version":[{"id":41655,"href":"https:\/\/www.egemtv.com\/index.php?rest_route=\/wp\/v2\/posts\/41653\/revisions\/41655"}],"wp:featuredmedia":[{"embeddable":true,"href":"https:\/\/www.egemtv.com\/index.php?rest_route=\/wp\/v2\/media\/41654"}],"wp:attachment":[{"href":"https:\/\/www.egemtv.com\/index.php?rest_route=%2Fwp%2Fv2%2Fmedia&parent=41653"}],"wp:term":[{"taxonomy":"category","embeddable":true,"href":"https:\/\/www.egemtv.com\/index.php?rest_route=%2Fwp%2Fv2%2Fcategories&post=41653"},{"taxonomy":"post_tag","embeddable":true,"href":"https:\/\/www.egemtv.com\/index.php?rest_route=%2Fwp%2Fv2%2Ftags&post=41653"}],"curies":[{"name":"wp","href":"https:\/\/api.w.org\/{rel}","templated":true}]}}