{"id":41650,"date":"2025-07-12T15:37:03","date_gmt":"2025-07-12T12:37:03","guid":{"rendered":"https:\/\/www.egemtv.com\/?p=41650"},"modified":"2025-07-12T15:37:08","modified_gmt":"2025-07-12T12:37:08","slug":"bozdoganda-lavanta-ve-altin-otu-hasadi-yapildi","status":"publish","type":"post","link":"https:\/\/www.egemtv.com\/?p=41650","title":{"rendered":"Bozdo\u011fan\u2019da lavanta ve alt\u0131n otu hasad\u0131 yap\u0131ld\u0131"},"content":{"rendered":"<p>Ayd\u0131n\u2019\u0131n Bozdo\u011fan il\u00e7esinde lavanta ve alt\u0131n otu (\u00f6lmez \u00e7i\u00e7ek) hasad\u0131na kat\u0131lan Kaymakam Yunus Emre Polat; &#8220;T\u0131bbi aromatik bitkiler, il\u00e7e tar\u0131m\u0131na \u00f6nemli katk\u0131lar sa\u011flayacak&#8221; dedi.<br \/>\n<br \/>Bozdo\u011fan\u2019\u0131n Asma Mahallesi\u2019nde \u00fcretimine ba\u015flanan lavanta ve alt\u0131n otu (\u00f6lmez \u00e7i\u00e7ek) bitkilerinin ilk hasad\u0131 yap\u0131ld\u0131. Hasat program\u0131na Bozdo\u011fan Kaymakam\u0131 Yunus Emre Polat, \u0130l\u00e7e Tar\u0131m ve Orman M\u00fcd\u00fcr\u00fc Soner Altun ve Asma Mahalle Muhtar\u0131 Mesut Y\u0131lmaz kat\u0131ld\u0131. T\u0131bbi aromatik bitkiler aras\u0131nda yer alan lavanta ve alt\u0131n otu, hem g\u00f6rsel g\u00fczellikleri hem de ekonomik de\u011feriyle dikkat \u00e7ekerken Kaymakam Polat, \u00fcretim alan\u0131nda yapt\u0131\u011f\u0131 incelemelerde firma yetkilisi Arzu Dirik\u2019ten bilgi ald\u0131. Hasat sonras\u0131 a\u00e7\u0131klamalarda bulunan Kaymakam Polat, Bozdo\u011fan\u2019\u0131n tar\u0131msal \u00e7e\u015fitlilik a\u00e7\u0131s\u0131ndan b\u00fcy\u00fck bir potansiyele sahip oldu\u011funu vurgularken, \u00fcreticilere bereketli bir sezon diledi.<br \/>\n<br \/>T\u0131bbi aromatik bitkilerin il\u00e7ede alternatif gelir kayna\u011f\u0131 olu\u015fturaca\u011f\u0131n\u0131 da belirten Kaymakam Polat; &#8220;\u0130l\u00e7emiz, tar\u0131msal \u00e7e\u015fitlilik a\u00e7\u0131s\u0131ndan b\u00fcy\u00fck bir potansiyele sahip ve t\u0131bbi aromatik bitkiler il\u00e7e tar\u0131m\u0131na \u00f6nemli katk\u0131lar sa\u011flayacak. \u00dcreticilerimize bereketli bir sezon dilerim&#8221; dedi.<br \/><\/p>\n","protected":false},"excerpt":{"rendered":"<p>Ayd\u0131n\u2019\u0131n Bozdo\u011fan il\u00e7esinde lavanta ve alt\u0131n otu (\u00f6lmez \u00e7i\u00e7ek) hasad\u0131na kat\u0131lan Kaymakam Yunus Emre Polat; &#8220;T\u0131bbi aromatik bitkiler, il\u00e7e tar\u0131m\u0131na \u00f6nemli katk\u0131lar sa\u011flayacak&#8221; dedi. Bozdo\u011fan\u2019\u0131n Asma Mahallesi\u2019nde \u00fcretimine ba\u015flanan lavanta ve alt\u0131n otu (\u00f6lmez \u00e7i\u00e7ek) bitkilerinin ilk hasad\u0131 yap\u0131ld\u0131. Hasat program\u0131na Bozdo\u011fan Kaymakam\u0131 Yunus Emre Polat, \u0130l\u00e7e Tar\u0131m ve Orman M\u00fcd\u00fcr\u00fc Soner Altun ve Asma&#8230;<\/p>\n","protected":false},"author":1,"featured_media":41651,"comment_status":"open","ping_status":"open","sticky":false,"template":"","format":"standard","meta":{"_crdt_document":"","footnotes":""},"categories":[1],"tags":[],"class_list":["post-41650","post","type-post","status-publish","format-standard","has-post-thumbnail","hentry","category-guncel"],"_links":{"self":[{"href":"https:\/\/www.egemtv.com\/index.php?rest_route=\/wp\/v2\/posts\/41650","targetHints":{"allow":["GET"]}}],"collection":[{"href":"https:\/\/www.egemtv.com\/index.php?rest_route=\/wp\/v2\/posts"}],"about":[{"href":"https:\/\/www.egemtv.com\/index.php?rest_route=\/wp\/v2\/types\/post"}],"author":[{"embeddable":true,"href":"https:\/\/www.egemtv.com\/index.php?rest_route=\/wp\/v2\/users\/1"}],"replies":[{"embeddable":true,"href":"https:\/\/www.egemtv.com\/index.php?rest_route=%2Fwp%2Fv2%2Fcomments&post=41650"}],"version-history":[{"count":1,"href":"https:\/\/www.egemtv.com\/index.php?rest_route=\/wp\/v2\/posts\/41650\/revisions"}],"predecessor-version":[{"id":41652,"href":"https:\/\/www.egemtv.com\/index.php?rest_route=\/wp\/v2\/posts\/41650\/revisions\/41652"}],"wp:featuredmedia":[{"embeddable":true,"href":"https:\/\/www.egemtv.com\/index.php?rest_route=\/wp\/v2\/media\/41651"}],"wp:attachment":[{"href":"https:\/\/www.egemtv.com\/index.php?rest_route=%2Fwp%2Fv2%2Fmedia&parent=41650"}],"wp:term":[{"taxonomy":"category","embeddable":true,"href":"https:\/\/www.egemtv.com\/index.php?rest_route=%2Fwp%2Fv2%2Fcategories&post=41650"},{"taxonomy":"post_tag","embeddable":true,"href":"https:\/\/www.egemtv.com\/index.php?rest_route=%2Fwp%2Fv2%2Ftags&post=41650"}],"curies":[{"name":"wp","href":"https:\/\/api.w.org\/{rel}","templated":true}]}}