{"id":41635,"date":"2025-07-12T15:02:07","date_gmt":"2025-07-12T12:02:07","guid":{"rendered":"https:\/\/www.egemtv.com\/?p=41635"},"modified":"2025-07-12T15:02:12","modified_gmt":"2025-07-12T12:02:12","slug":"dogadan-kurtarildi-olume-gonderildi","status":"publish","type":"post","link":"https:\/\/www.egemtv.com\/?p=41635","title":{"rendered":"Do\u011fadan kurtar\u0131ld\u0131, \u00f6l\u00fcme g\u00f6nderildi"},"content":{"rendered":"<p>\u0130zmir\u2019de bir \u00e7iftlik bask\u0131n\u0131nda ele ge\u00e7irilen ve B\u00fcy\u00fck\u015fehir Belediyesi taraf\u0131ndan koruma alt\u0131na al\u0131nan yavru aslan Pars, s\u00fcr\u00fcye sal\u0131nd\u0131 ve di\u011fer aslanlar taraf\u0131ndan \u00f6ld\u00fcr\u00fcld\u00fc.<br \/>\n<br \/>\u0130zmir\u2019in Torbal\u0131 il\u00e7esinde mart ay\u0131nda yasa d\u0131\u015f\u0131 \u015fekilde bir \u00e7iftlikte bak\u0131l\u0131rken ele ge\u00e7irilen ve \u0130zmir B\u00fcy\u00fck\u015fehir Belediyesi Do\u011fal Ya\u015fam Park\u0131\u2019na teslim edilen yavru aslan Pars, adaptasyon s\u00fcrecinde di\u011fer aslanlar\u0131n sald\u0131r\u0131s\u0131na u\u011frayarak hayat\u0131n\u0131 kaybetti. Kamuoyunda b\u00fcy\u00fck ilgi g\u00f6ren Pars\u2019\u0131n \u00f6l\u00fcm\u00fc, yetkililere y\u00f6nelik ihm\u00e2l iddialar\u0131n\u0131 da beraberinde getirdi. Yakla\u015f\u0131k 10 ayl\u0131k oldu\u011fu belirlenen ve yaln\u0131zca kedi mamas\u0131yla beslendi\u011fi tespit edilen yavru aslan, Do\u011fa Koruma ve Milli Parklar M\u00fcd\u00fcrl\u00fc\u011f\u00fc taraf\u0131ndan el konularak Do\u011fal Ya\u015fam Park\u0131\u2019na getirildi. Karantina s\u00fcrecinde \u00f6zel beslenme program\u0131 ve tedavilerle sa\u011fl\u0131\u011f\u0131 toparlanan aslan, \u0130zmir B\u00fcy\u00fck\u015fehir Belediyesi\u2019nin \u00e7evrim i\u00e7i anketiyle &#8220;Pars&#8221; ad\u0131n\u0131 ald\u0131.<br \/>\n<br \/>Ancak ge\u00e7ti\u011fimiz hafta ya\u015fanan olayda, Pars\u2019\u0131n yeti\u015fkin aslanlar\u0131n bulundu\u011fu b\u00f6l\u00fcme al\u0131nmas\u0131n\u0131n ard\u0131ndan s\u00fcr\u00fc lideri taraf\u0131ndan sald\u0131r\u0131ya u\u011frad\u0131\u011f\u0131 ve a\u011f\u0131r kafa travmas\u0131 ge\u00e7irdi\u011fi belirtildi. Pars, t\u00fcm m\u00fcdahalelere ra\u011fmen kurtar\u0131lamad\u0131.<br \/>\n<br \/>\u0130zmir B\u00fcy\u00fck\u015fehir Belediyesi\u2019nden yap\u0131lan a\u00e7\u0131klamada, adaptasyon s\u00fcrecinin Avrupa Hayvanat Bah\u00e7eleri ve Akvaryumlar Birli\u011fi (EAZA) \u00f6nerileriyle y\u00fcr\u00fct\u00fcld\u00fc\u011f\u00fc savunulurken, Pars\u2019\u0131n di\u011fer bir aslan\u0131n ani sald\u0131r\u0131s\u0131yla ya\u015fam\u0131n\u0131 yitirdi\u011fi ifade edildi. Olay\u0131n ard\u0131ndan sosyal medyada ve hayvan haklar\u0131 savunucular\u0131 aras\u0131nda ciddi tepkiler y\u00fckseldi.<br \/><\/p>\n","protected":false},"excerpt":{"rendered":"<p>\u0130zmir\u2019de bir \u00e7iftlik bask\u0131n\u0131nda ele ge\u00e7irilen ve B\u00fcy\u00fck\u015fehir Belediyesi taraf\u0131ndan koruma alt\u0131na al\u0131nan yavru aslan Pars, s\u00fcr\u00fcye sal\u0131nd\u0131 ve di\u011fer aslanlar taraf\u0131ndan \u00f6ld\u00fcr\u00fcld\u00fc. \u0130zmir\u2019in Torbal\u0131 il\u00e7esinde mart ay\u0131nda yasa d\u0131\u015f\u0131 \u015fekilde bir \u00e7iftlikte bak\u0131l\u0131rken ele ge\u00e7irilen ve \u0130zmir B\u00fcy\u00fck\u015fehir Belediyesi Do\u011fal Ya\u015fam Park\u0131\u2019na teslim edilen yavru aslan Pars, adaptasyon s\u00fcrecinde di\u011fer aslanlar\u0131n sald\u0131r\u0131s\u0131na u\u011frayarak hayat\u0131n\u0131&#8230;<\/p>\n","protected":false},"author":1,"featured_media":41636,"comment_status":"open","ping_status":"open","sticky":false,"template":"","format":"standard","meta":{"_crdt_document":"","footnotes":""},"categories":[1],"tags":[],"class_list":["post-41635","post","type-post","status-publish","format-standard","has-post-thumbnail","hentry","category-guncel"],"_links":{"self":[{"href":"https:\/\/www.egemtv.com\/index.php?rest_route=\/wp\/v2\/posts\/41635","targetHints":{"allow":["GET"]}}],"collection":[{"href":"https:\/\/www.egemtv.com\/index.php?rest_route=\/wp\/v2\/posts"}],"about":[{"href":"https:\/\/www.egemtv.com\/index.php?rest_route=\/wp\/v2\/types\/post"}],"author":[{"embeddable":true,"href":"https:\/\/www.egemtv.com\/index.php?rest_route=\/wp\/v2\/users\/1"}],"replies":[{"embeddable":true,"href":"https:\/\/www.egemtv.com\/index.php?rest_route=%2Fwp%2Fv2%2Fcomments&post=41635"}],"version-history":[{"count":1,"href":"https:\/\/www.egemtv.com\/index.php?rest_route=\/wp\/v2\/posts\/41635\/revisions"}],"predecessor-version":[{"id":41637,"href":"https:\/\/www.egemtv.com\/index.php?rest_route=\/wp\/v2\/posts\/41635\/revisions\/41637"}],"wp:featuredmedia":[{"embeddable":true,"href":"https:\/\/www.egemtv.com\/index.php?rest_route=\/wp\/v2\/media\/41636"}],"wp:attachment":[{"href":"https:\/\/www.egemtv.com\/index.php?rest_route=%2Fwp%2Fv2%2Fmedia&parent=41635"}],"wp:term":[{"taxonomy":"category","embeddable":true,"href":"https:\/\/www.egemtv.com\/index.php?rest_route=%2Fwp%2Fv2%2Fcategories&post=41635"},{"taxonomy":"post_tag","embeddable":true,"href":"https:\/\/www.egemtv.com\/index.php?rest_route=%2Fwp%2Fv2%2Ftags&post=41635"}],"curies":[{"name":"wp","href":"https:\/\/api.w.org\/{rel}","templated":true}]}}