{"id":41632,"date":"2025-07-12T15:02:01","date_gmt":"2025-07-12T12:02:01","guid":{"rendered":"https:\/\/www.egemtv.com\/?p=41632"},"modified":"2025-07-12T15:02:07","modified_gmt":"2025-07-12T12:02:07","slug":"prof-dr-huseyin-seyhanlioglu-11-temmuz-2025-buyuk-turkiye-yuzyilinin-miladidir","status":"publish","type":"post","link":"https:\/\/www.egemtv.com\/?p=41632","title":{"rendered":"Prof. Dr. H\u00fcseyin \u015eeyhanl\u0131o\u011flu: &#8220;11 Temmuz 2025, b\u00fcy\u00fck T\u00fcrkiye y\u00fczy\u0131l\u0131n\u0131n milad\u0131d\u0131r&#8221;"},"content":{"rendered":"<p>K\u00fctahya Dumlup\u0131nar \u00dcniversitesi (DP\u00dc) Uygulama ve Ara\u015ft\u0131rma Merkezleri Koordinat\u00f6r\u00fc ve Siyaset Bilimi Uzman\u0131 Prof. Dr. H\u00fcseyin \u015eeyhanl\u0131o\u011flu, &#8220;b\u00fcy\u00fck bar\u0131\u015f s\u00fcreci&#8221;ne dair \u00f6nemli de\u011ferlendirmelerde bulundu. \u0130hlas Haber Ajans\u0131\u2019na (\u0130HA) konu\u015fan \u015eeyhanl\u0131o\u011flu, 11 Temmuz 2025\u2019in T\u00fcrkiye ve b\u00f6lge i\u00e7in bir d\u00f6n\u00fcm noktas\u0131 oldu\u011funu vurgulad\u0131.<br \/>\n<br \/>\u015eeyhanl\u0131o\u011flu, T\u00fcrkiye\u2019nin son y\u00fczy\u0131lda ya\u015fad\u0131\u011f\u0131 d\u00f6n\u00fc\u015f\u00fcmlere dikkat \u00e7ekerek, \u00f6zellikle 1908 y\u0131l\u0131nda II. Me\u015frutiyet\u2019in ilan\u0131yla iktidara gelen J\u00f6n T\u00fcrkler\u2019in etkisiyle ba\u015flayan Bat\u0131c\u0131, darbeci zihniyetin art\u0131k sona erdi\u011fini ifade etti. &#8220;T\u0131pk\u0131 8 Aral\u0131k\u2019ta Suriye\u2019de, 2003\u2019te Irak\u2019ta ya\u015fand\u0131\u011f\u0131 gibi bir d\u00f6nem kapand\u0131&#8221; diyen \u015eeyhanl\u0131o\u011flu, bug\u00fcn ise T\u00fcrklerin, K\u00fcrtlerin ve Araplar\u0131n tarihi, \u00e7o\u011frafi ve tabii bir birliktelik i\u00e7inde, tarihe ve co\u011frafyaya uygun bir \u015fekilde gelecekte de ortak gelecekte bulu\u015ftu\u011funu belirtti.<br \/>\n<br \/>Bu birlikteli\u011fi &#8220;i\u00e7 ve d\u0131\u015f Voltran&#8221; olarak nitelendiren \u015eeyhanl\u0131o\u011flu, &#8220;Bu tablo, Sultan Alparslan\u2019\u0131n ordusundaki K\u00fcrt birliklerinin Roman Diyojen\u2019e kar\u015f\u0131 sava\u015fmas\u0131ndan Selahaddin Eyyubi\u2019nin ordusundaki T\u00fcrklerle birlikte Ha\u00e7l\u0131lara kar\u015f\u0131 kurdu\u011fu ittifaka, Yavuz Sultan Selim\u2019in \u0130ran\u2019a kar\u015f\u0131 olu\u015fturdu\u011fu cepheye dahil olan K\u00fcrtlerin birlikkeli\u011fi gibi b\u00fcy\u00fck bir birli\u011fin bug\u00fcn de\u015fend\u0131g\u011fn\u011f g\u00f6rmekteyiz&#8221; dedi.<br \/>\n<br \/>T\u00fcrkiye, Irak ve Suriye aras\u0131nda kurulmas\u0131 mukadder olan bir stratejik \u00e7o\u011frafyaya i\u015faret eden Prof. Dr. \u015eeyhanl\u0131o\u011flu, MHP Genel Ba\u015fkan\u0131 Devlet Bah\u00e7eli\u2019nin ortaya att\u0131\u011f\u0131 &#8220;Kud\u00fcs Pakt\u0131&#8221; \u00f6nerisini destekledi\u011fini ve bu yap\u0131n\u0131n zamanla M\u0131s\u0131r, \u0130ran Pakistan ve Endonezya gibi \u00fclkeleri de i\u00e7ine alabilecek bir &#8220;Bereketli Hilal Birli\u011fi&#8221;ne d\u00f6n\u00fc\u015febilece\u011fini savundu.<\/p>\n<p>&#8220;CHP\u2019nin ideolojik d\u00f6nemi sona erdi&#8221;<br \/>\n<br \/>A\u00e7\u0131klamas\u0131nda i\u00e7 siyasete de de\u011finen \u015eeyhanl\u0131o\u011flu, Cumhuriyet Halk Partisi\u2019nin tarihi misyonunun bitti\u011fini ve ideolojik olarak \u00e7\u00f6kt\u00fc\u011f\u00fcn\u00fc \u00f6ne s\u00fcrd\u00fc. &#8220;CHP\u2019nin halka tepeden bakan, dini ve milli de\u011ferleri k\u00fc\u00e7\u00fcmseyen jakoben yakla\u015f\u0131m\u0131 son bulmu\u015ftur&#8221; diyen \u015eeyhanl\u0131o\u011flu, yeni d\u00f6nemin &#8220;muhafazakar demokrasi&#8221; \u00fczerine in\u015fa edilece\u011fini ifade etti.<\/p>\n<p>&#8220;Yeni anayasa ve genel af g\u00fcndemde&#8221;<br \/>\n<br \/>B\u00fcy\u00fck T\u00fcrkiye vizyonunun, yeni bir anayasa ile kurumsalla\u015faca\u011f\u0131n\u0131 kaydeden \u015eeyhanl\u0131o\u011flu, 12 Eyl\u00fcl Anayasas\u0131\u2019n\u0131n kal\u0131nt\u0131lar\u0131n\u0131n temizlenmesi ve hukuki ma\u011fduriyetlerin giderilmesi ad\u0131na kapsaml\u0131 bir genel aff\u0131n da g\u00fcndeme gelebilece\u011fini s\u00f6yledi. Bu s\u00fcrecin hem i\u00e7 bar\u0131\u015fa hem de b\u00f6lgesel ve k\u00fcresel bar\u0131\u015fa katk\u0131 sa\u011flayaca\u011f\u0131n\u0131 belirtti.<br \/>\n<br \/>\u015eeyhanl\u0131o\u011flu, T\u00fcrkiye, Suriye ve Irak aras\u0131nda \u015eamgen benzeri bir serbest dola\u015f\u0131m b\u00f6lgesi olu\u015fturulmas\u0131 \u00f6nerisinde bulunarak, buna &#8220;\u015eamgen&#8221; ad\u0131n\u0131n verilmesini ve GAP\u2019\u0131n Sariye ve Irak\u2019a uzat\u0131lmas\u0131n\u0131 teklif etti. Bu entegrasyonun ticaret, g\u00fcvenlik ve toplumsal ili\u015fkileri de kapsayaca\u011f\u0131n\u0131 ifade etti.<br \/>\n<br \/>\u015eeyhanl\u0131o\u011flu, bar\u0131\u015f\u0131 simgelemek ad\u0131na \u0130stanbul Pier Loti tepesinin ad\u0131n\u0131 tarihte oldu\u011fu gibi yeniden, \u0130drisi Bitlisi Tepesi olarak, yani Ayasofya\u2019n\u0131n asli g\u00f6reve d\u00f6nmesi gibi Pier Loti Tepesi\u2019nin as\u0131l ad\u0131 olan \u0130drisi Bitlisi Tepesi olarak de\u011fi\u015ftirilmesini teklif etti.<\/p>\n<p>&#8220;T\u00fcrkiye, \u0130slam d\u00fcnyas\u0131n\u0131n lideridir&#8221;<br \/>\n<br \/>Prof. Dr. H\u00fcseyin \u015eeyhanl\u0131o\u011flu, T\u00fcrkiye\u2019nin art\u0131k sadece b\u00f6lgesel bir g\u00fc\u00e7 de\u011fil, ayn\u0131 zamanda \u0130slam d\u00fcnyas\u0131n\u0131n lideri olma yolunda ilerledi\u011fini vurgulayarak, Cumhurba\u015fkan\u0131 Recep Tayyip Erdo\u011fan ve MHP lideri Devlet Bah\u00e7eli\u2019nin bu vizyonun olu\u015fmas\u0131ndaki rol\u00fcn\u00fc \u00f6zellikle takdir etti\u011fini belirtti.<br \/><\/p>\n","protected":false},"excerpt":{"rendered":"<p>K\u00fctahya Dumlup\u0131nar \u00dcniversitesi (DP\u00dc) Uygulama ve Ara\u015ft\u0131rma Merkezleri Koordinat\u00f6r\u00fc ve Siyaset Bilimi Uzman\u0131 Prof. Dr. H\u00fcseyin \u015eeyhanl\u0131o\u011flu, &#8220;b\u00fcy\u00fck bar\u0131\u015f s\u00fcreci&#8221;ne dair \u00f6nemli de\u011ferlendirmelerde bulundu. \u0130hlas Haber Ajans\u0131\u2019na (\u0130HA) konu\u015fan \u015eeyhanl\u0131o\u011flu, 11 Temmuz 2025\u2019in T\u00fcrkiye ve b\u00f6lge i\u00e7in bir d\u00f6n\u00fcm noktas\u0131 oldu\u011funu vurgulad\u0131. \u015eeyhanl\u0131o\u011flu, T\u00fcrkiye\u2019nin son y\u00fczy\u0131lda ya\u015fad\u0131\u011f\u0131 d\u00f6n\u00fc\u015f\u00fcmlere dikkat \u00e7ekerek, \u00f6zellikle 1908 y\u0131l\u0131nda II. Me\u015frutiyet\u2019in&#8230;<\/p>\n","protected":false},"author":1,"featured_media":41633,"comment_status":"open","ping_status":"open","sticky":false,"template":"","format":"standard","meta":{"_crdt_document":"","footnotes":""},"categories":[123],"tags":[],"class_list":["post-41632","post","type-post","status-publish","format-standard","has-post-thumbnail","hentry","category-gundem"],"_links":{"self":[{"href":"https:\/\/www.egemtv.com\/index.php?rest_route=\/wp\/v2\/posts\/41632","targetHints":{"allow":["GET"]}}],"collection":[{"href":"https:\/\/www.egemtv.com\/index.php?rest_route=\/wp\/v2\/posts"}],"about":[{"href":"https:\/\/www.egemtv.com\/index.php?rest_route=\/wp\/v2\/types\/post"}],"author":[{"embeddable":true,"href":"https:\/\/www.egemtv.com\/index.php?rest_route=\/wp\/v2\/users\/1"}],"replies":[{"embeddable":true,"href":"https:\/\/www.egemtv.com\/index.php?rest_route=%2Fwp%2Fv2%2Fcomments&post=41632"}],"version-history":[{"count":1,"href":"https:\/\/www.egemtv.com\/index.php?rest_route=\/wp\/v2\/posts\/41632\/revisions"}],"predecessor-version":[{"id":41634,"href":"https:\/\/www.egemtv.com\/index.php?rest_route=\/wp\/v2\/posts\/41632\/revisions\/41634"}],"wp:featuredmedia":[{"embeddable":true,"href":"https:\/\/www.egemtv.com\/index.php?rest_route=\/wp\/v2\/media\/41633"}],"wp:attachment":[{"href":"https:\/\/www.egemtv.com\/index.php?rest_route=%2Fwp%2Fv2%2Fmedia&parent=41632"}],"wp:term":[{"taxonomy":"category","embeddable":true,"href":"https:\/\/www.egemtv.com\/index.php?rest_route=%2Fwp%2Fv2%2Fcategories&post=41632"},{"taxonomy":"post_tag","embeddable":true,"href":"https:\/\/www.egemtv.com\/index.php?rest_route=%2Fwp%2Fv2%2Ftags&post=41632"}],"curies":[{"name":"wp","href":"https:\/\/api.w.org\/{rel}","templated":true}]}}