{"id":41629,"date":"2025-07-12T14:39:58","date_gmt":"2025-07-12T11:39:58","guid":{"rendered":"https:\/\/www.egemtv.com\/?p=41629"},"modified":"2025-07-12T14:40:04","modified_gmt":"2025-07-12T11:40:04","slug":"sarigol-ovasinda-erkenci-uzum-alimlari-basladi","status":"publish","type":"post","link":"https:\/\/www.egemtv.com\/?p=41629","title":{"rendered":"Sar\u0131g\u00f6l Ovas\u0131\u2019nda erkenci \u00fcz\u00fcm al\u0131mlar\u0131 ba\u015flad\u0131"},"content":{"rendered":"<p>Manisa\u2019n\u0131n Sar\u0131g\u00f6l Ovas\u0131\u2019nda 2025 y\u0131l\u0131 erkenci \u00fcz\u00fcm al\u0131mlar\u0131 ba\u015flad\u0131.<br \/>\n<br \/>Sar\u0131g\u00f6l ve Ala\u015fehir ovalar\u0131nda ya\u015f \u00fcz\u00fcm al\u0131m\u0131na ba\u015flayan ihracat firmas\u0131, erkenci \u00fcz\u00fcm t\u00fcrlerinden olan &#8220;S\u00fcperyol&#8221; cinsi i\u00e7in al\u0131m \u00e7al\u0131\u015fmalar\u0131na start verdi. Firman\u0131n \u00fcz\u00fcm eksperleri ba\u011flara giderek \u00fcreticilerle birebir g\u00f6r\u00fc\u015fmeler yaparak al\u0131mlar\u0131 ger\u00e7ekle\u015ftiriyor.<br \/>\n<br \/>\u00dcz\u00fcm eksperi Serdar Dikmen yapt\u0131\u011f\u0131 a\u00e7\u0131klamada, &#8220;Hay\u0131rl\u0131s\u0131yla yeni sezon erkenci \u00fcz\u00fcm al\u0131mlar\u0131na ba\u015flad\u0131k. \u015eu an \u00fcreticilerle ba\u011flant\u0131lar kuruluyor. 16-30 Temmuz tarihleri aras\u0131nda kesimler yap\u0131lacak.&#8221; ifadelerini kulland\u0131.<br \/>\n<br \/>\u00dcreticiler, erkenci \u00fcz\u00fcm sezonunun verimli ge\u00e7mesini temenni ederken, al\u0131mlar\u0131n piyasaya da canl\u0131l\u0131k getirmesi bekleniyor.<br \/><\/p>\n","protected":false},"excerpt":{"rendered":"<p>Manisa\u2019n\u0131n Sar\u0131g\u00f6l Ovas\u0131\u2019nda 2025 y\u0131l\u0131 erkenci \u00fcz\u00fcm al\u0131mlar\u0131 ba\u015flad\u0131. Sar\u0131g\u00f6l ve Ala\u015fehir ovalar\u0131nda ya\u015f \u00fcz\u00fcm al\u0131m\u0131na ba\u015flayan ihracat firmas\u0131, erkenci \u00fcz\u00fcm t\u00fcrlerinden olan &#8220;S\u00fcperyol&#8221; cinsi i\u00e7in al\u0131m \u00e7al\u0131\u015fmalar\u0131na start verdi. Firman\u0131n \u00fcz\u00fcm eksperleri ba\u011flara giderek \u00fcreticilerle birebir g\u00f6r\u00fc\u015fmeler yaparak al\u0131mlar\u0131 ger\u00e7ekle\u015ftiriyor. \u00dcz\u00fcm eksperi Serdar Dikmen yapt\u0131\u011f\u0131 a\u00e7\u0131klamada, &#8220;Hay\u0131rl\u0131s\u0131yla yeni sezon erkenci \u00fcz\u00fcm al\u0131mlar\u0131na ba\u015flad\u0131k. \u015eu&#8230;<\/p>\n","protected":false},"author":1,"featured_media":41630,"comment_status":"open","ping_status":"open","sticky":false,"template":"","format":"standard","meta":{"_crdt_document":"","footnotes":""},"categories":[125],"tags":[],"class_list":["post-41629","post","type-post","status-publish","format-standard","has-post-thumbnail","hentry","category-ekonomi"],"_links":{"self":[{"href":"https:\/\/www.egemtv.com\/index.php?rest_route=\/wp\/v2\/posts\/41629","targetHints":{"allow":["GET"]}}],"collection":[{"href":"https:\/\/www.egemtv.com\/index.php?rest_route=\/wp\/v2\/posts"}],"about":[{"href":"https:\/\/www.egemtv.com\/index.php?rest_route=\/wp\/v2\/types\/post"}],"author":[{"embeddable":true,"href":"https:\/\/www.egemtv.com\/index.php?rest_route=\/wp\/v2\/users\/1"}],"replies":[{"embeddable":true,"href":"https:\/\/www.egemtv.com\/index.php?rest_route=%2Fwp%2Fv2%2Fcomments&post=41629"}],"version-history":[{"count":1,"href":"https:\/\/www.egemtv.com\/index.php?rest_route=\/wp\/v2\/posts\/41629\/revisions"}],"predecessor-version":[{"id":41631,"href":"https:\/\/www.egemtv.com\/index.php?rest_route=\/wp\/v2\/posts\/41629\/revisions\/41631"}],"wp:featuredmedia":[{"embeddable":true,"href":"https:\/\/www.egemtv.com\/index.php?rest_route=\/wp\/v2\/media\/41630"}],"wp:attachment":[{"href":"https:\/\/www.egemtv.com\/index.php?rest_route=%2Fwp%2Fv2%2Fmedia&parent=41629"}],"wp:term":[{"taxonomy":"category","embeddable":true,"href":"https:\/\/www.egemtv.com\/index.php?rest_route=%2Fwp%2Fv2%2Fcategories&post=41629"},{"taxonomy":"post_tag","embeddable":true,"href":"https:\/\/www.egemtv.com\/index.php?rest_route=%2Fwp%2Fv2%2Ftags&post=41629"}],"curies":[{"name":"wp","href":"https:\/\/api.w.org\/{rel}","templated":true}]}}