{"id":41626,"date":"2025-07-12T14:15:27","date_gmt":"2025-07-12T11:15:27","guid":{"rendered":"https:\/\/www.egemtv.com\/?p=41626"},"modified":"2025-07-12T14:15:32","modified_gmt":"2025-07-12T11:15:32","slug":"koyun-keci-ve-cobanlarin-kiymeti-bilinmedi-ulkenin-en-buyuk-sorunu-yanginlar-oldu","status":"publish","type":"post","link":"https:\/\/www.egemtv.com\/?p=41626","title":{"rendered":"Koyun, ke\u00e7i ve \u00e7obanlar\u0131n k\u0131ymeti bilinmedi, \u00fclkenin en b\u00fcy\u00fck sorunu yang\u0131nlar oldu"},"content":{"rendered":"<p>T\u00fcrkiye\u2019nin yang\u0131na en hassas b\u00f6lgelerinin ba\u015f\u0131nda gelen Ege\u2019de yok olmaya y\u00fcz tutan \u00e7obanl\u0131k mesle\u011fi ve koyun-ke\u00e7i s\u00fcr\u00fclerinin arazide otlamamas\u0131, orman yang\u0131nlar\u0131n\u0131n hem artmas\u0131na hem de \u00e7\u0131kan yang\u0131nlarda yanan alan miktar\u0131n\u0131n \u00e7o\u011falmas\u0131na neden oldu.<\/p>\n<p>Ge\u00e7ti\u011fimiz hafta \u0130zmir \u00d6demi\u015f\u2019te meydana gelen orman yang\u0131n\u0131nda ke\u00e7i ve koyun s\u00fcr\u00fclerinin otlad\u0131\u011f\u0131 alanlardaki ormanl\u0131k alanlarda yang\u0131n\u0131n ilerlememesi \u00f6nemli bir konuyu g\u00fcndeme getirdi. Ayd\u0131n da\u011flar\u0131nda \u00e7obanl\u0131k yapan 46 ya\u015f\u0131ndaki \u0130brahim Kundak, koyun ve ke\u00e7i s\u00fcr\u00fcs\u00fcn\u00fcn yay\u0131ld\u0131\u011f\u0131 b\u00f6lgelerde tabandaki otlar temizlendi\u011fi i\u00e7in yang\u0131n\u0131n y\u00fcr\u00fcmedi\u011fini belirterek, &#8220;Bir zamanlar koyun ve ke\u00e7iler ormana zarar veriyor denilerek sanki orman zararl\u0131s\u0131 imi\u015f gibi g\u00f6sterdiler. Ancak son y\u0131llardaki yang\u0131nlar g\u00f6sterdi ki, \u00e7obanlar ve koyun-ke\u00e7iler tam tersine orman\u0131n koruyucusu ve faydal\u0131larm\u0131\u015f&#8221; diye konu\u015ftu.<\/p>\n<p>&#8220;2025 y\u0131l\u0131n\u0131n ilk 6 ay\u0131nda 3 bin 44 yang\u0131n \u00e7\u0131kt\u0131&#8221;<br \/>\n<br \/>Tar\u0131m ve Orman Bakanl\u0131\u011f\u0131 verilerine g\u00f6re; 2025 y\u0131l\u0131n\u0131n ilk 6 ay\u0131nda 1305\u2019i ormanl\u0131k alanda 1739\u2019u da orman d\u0131\u015f\u0131 alanda olmak \u00fczere toplam 3 bin 44 yang\u0131n \u00e7\u0131kt\u0131. Meydana gelen bu yang\u0131nlar\u0131n 624\u2019\u00fc ise Temmuz ay\u0131n\u0131n ilk haftas\u0131nda meydana geldi. Haziran, Temmuz ve A\u011fustos aylar\u0131nda ciddi risk olu\u015fturan yang\u0131nlar \u00f6zellikle Ayd\u0131n, Mu\u011fla ve \u0130zmir i\u00e7in ciddi tehdit olu\u015fturmaya ba\u015flad\u0131.<\/p>\n<p>&#8220;Koyun ve ke\u00e7inin girdi\u011fi yerde yang\u0131n y\u00fcr\u00fcmez&#8221;<br \/>\n<br \/>Ayd\u0131n ile \u0130zmir da\u011flar\u0131nda yakla\u015f\u0131k 33 y\u0131ld\u0131r \u00e7obanl\u0131k yapan \u0130brahim Kundak, yang\u0131n\u0131n zemini otlardan temizlenmeyen ormanl\u0131k alanlarda \u00e7ok h\u0131zl\u0131 ilerledi\u011fini ve kontrol alt\u0131na alman\u0131n da \u00e7ok g\u00fc\u00e7 oldu\u011funu belirterek, &#8220;\u00c7ocuklu\u011fumdan beri da\u011flarda ve ormanl\u0131k alanlarda \u00e7obanl\u0131k yapar\u0131m. Daha \u00f6nceki y\u0131llarda defalarca dile getirdik. Kimse dikkate almad\u0131. Koyun ve ke\u00e7inin yay\u0131ld\u0131\u011f\u0131 alanda yang\u0131n \u00e7\u0131ksa bile ate\u015f y\u00fcr\u00fcmez. Koyun ve ke\u00e7iyi orman i\u00e7in zararl\u0131 g\u00f6r\u00fcyorlard\u0131. Eskiden yang\u0131n \u00e7\u0131ksa bile bu kadar ormanl\u0131k alan yanmazd\u0131. Da\u011flarda \u00e7obanlar ve s\u00fcr\u00fc say\u0131s\u0131 azald\u0131, \u00e7\u0131kan yang\u0131nlar\u0131n \u00f6n\u00fcn al\u0131nmaz hale geldi. Son \u00d6demi\u015f yang\u0131n\u0131nda \u00e7obanlar\u0131n bulundu\u011fu alanlardaki ormanlar yanmad\u0131, ke\u00e7i ve koyunun faydas\u0131n\u0131 g\u00f6rd\u00fcler. T\u00fcrkiye\u2019de orman yang\u0131nlar\u0131na kar\u015f\u0131 yap\u0131lacak en kolay ve en faydal\u0131 m\u00fccadele bence da\u011flarda koyun-ke\u00e7i ve \u00e7oban say\u0131s\u0131n\u0131 art\u0131rmak olacakt\u0131r&#8221; diye konu\u015ftu.<br \/><\/p>\n","protected":false},"excerpt":{"rendered":"<p>T\u00fcrkiye\u2019nin yang\u0131na en hassas b\u00f6lgelerinin ba\u015f\u0131nda gelen Ege\u2019de yok olmaya y\u00fcz tutan \u00e7obanl\u0131k mesle\u011fi ve koyun-ke\u00e7i s\u00fcr\u00fclerinin arazide otlamamas\u0131, orman yang\u0131nlar\u0131n\u0131n hem artmas\u0131na hem de \u00e7\u0131kan yang\u0131nlarda yanan alan miktar\u0131n\u0131n \u00e7o\u011falmas\u0131na neden oldu. Ge\u00e7ti\u011fimiz hafta \u0130zmir \u00d6demi\u015f\u2019te meydana gelen orman yang\u0131n\u0131nda ke\u00e7i ve koyun s\u00fcr\u00fclerinin otlad\u0131\u011f\u0131 alanlardaki ormanl\u0131k alanlarda yang\u0131n\u0131n ilerlememesi \u00f6nemli bir konuyu g\u00fcndeme&#8230;<\/p>\n","protected":false},"author":1,"featured_media":41627,"comment_status":"open","ping_status":"open","sticky":false,"template":"","format":"standard","meta":{"_crdt_document":"","footnotes":""},"categories":[1],"tags":[],"class_list":["post-41626","post","type-post","status-publish","format-standard","has-post-thumbnail","hentry","category-guncel"],"_links":{"self":[{"href":"https:\/\/www.egemtv.com\/index.php?rest_route=\/wp\/v2\/posts\/41626","targetHints":{"allow":["GET"]}}],"collection":[{"href":"https:\/\/www.egemtv.com\/index.php?rest_route=\/wp\/v2\/posts"}],"about":[{"href":"https:\/\/www.egemtv.com\/index.php?rest_route=\/wp\/v2\/types\/post"}],"author":[{"embeddable":true,"href":"https:\/\/www.egemtv.com\/index.php?rest_route=\/wp\/v2\/users\/1"}],"replies":[{"embeddable":true,"href":"https:\/\/www.egemtv.com\/index.php?rest_route=%2Fwp%2Fv2%2Fcomments&post=41626"}],"version-history":[{"count":1,"href":"https:\/\/www.egemtv.com\/index.php?rest_route=\/wp\/v2\/posts\/41626\/revisions"}],"predecessor-version":[{"id":41628,"href":"https:\/\/www.egemtv.com\/index.php?rest_route=\/wp\/v2\/posts\/41626\/revisions\/41628"}],"wp:featuredmedia":[{"embeddable":true,"href":"https:\/\/www.egemtv.com\/index.php?rest_route=\/wp\/v2\/media\/41627"}],"wp:attachment":[{"href":"https:\/\/www.egemtv.com\/index.php?rest_route=%2Fwp%2Fv2%2Fmedia&parent=41626"}],"wp:term":[{"taxonomy":"category","embeddable":true,"href":"https:\/\/www.egemtv.com\/index.php?rest_route=%2Fwp%2Fv2%2Fcategories&post=41626"},{"taxonomy":"post_tag","embeddable":true,"href":"https:\/\/www.egemtv.com\/index.php?rest_route=%2Fwp%2Fv2%2Ftags&post=41626"}],"curies":[{"name":"wp","href":"https:\/\/api.w.org\/{rel}","templated":true}]}}