{"id":41620,"date":"2025-07-12T14:15:18","date_gmt":"2025-07-12T11:15:18","guid":{"rendered":"https:\/\/www.egemtv.com\/?p=41620"},"modified":"2025-07-12T14:15:23","modified_gmt":"2025-07-12T11:15:23","slug":"didim-kaymakamliginda-gorev-degisimi","status":"publish","type":"post","link":"https:\/\/www.egemtv.com\/?p=41620","title":{"rendered":"Didim Kaymakaml\u0131\u011f\u0131\u2019nda g\u00f6rev de\u011fi\u015fimi"},"content":{"rendered":"<p>Didim Kaymakam\u0131 Can Kaz\u0131m Kuruca, \u0130\u00e7i\u015fleri Bakanl\u0131\u011f\u0131 g\u00f6revlendirilmesiyle Burdur\u2019un Bucak il\u00e7esine g\u00f6revlendirilirken, Didim\u2019e ise Konya Ak\u015fehir Kaymakam\u0131 Mesut \u00c7oban g\u00f6revlendirildi.<br \/>\n<br \/>2022 A\u011fustos ay\u0131nda Didim\u2019e atanan Kaymakam Can Kaz\u0131m Kuruca, \u0130\u00e7i\u015fleri Bakanl\u0131\u011f\u0131 karar\u0131yla Burdur\u2019un Bucak il\u00e7esine g\u00f6revlendirildi. 3 y\u0131ld\u0131r Didim\u2019de Kaymakaml\u0131k yapan Kuruca, daha \u00f6ncede \u00fclkemizi sarsan ve 11 ilimizi etkileyen 6 \u015eubat depremleri sonras\u0131nda ge\u00e7ici olarak Ad\u0131yaman\u2019da g\u00f6revlendirilmi\u015fti. Ad\u0131yaman\u2019daki g\u00f6revlendirmenin sona ermesinin ard\u0131ndan Kuruca, yeniden Didim\u2019deki g\u00f6revine d\u00f6nm\u00fc\u015ft\u00fc.<br \/>\n<br \/>Kaymakam Kuruca\u2019n\u0131n Burdur\u2019un Bucak il\u00e7esine g\u00f6revlendirilmesi sonras\u0131, Kuruca\u2019n\u0131n yerine ise Konya\u2019n\u0131n Ak\u015fehir Kaymakam\u0131 Mesut \u00c7oban ise Didim\u2019e g\u00f6revlendirildi<br \/>\n<br \/>G\u00f6revlendirmeleri yap\u0131lan Kaymakamlar\u0131n k\u0131sa s\u00fcrede yeni b\u00f6lgelerinden g\u00f6reve ba\u015flayaca\u011f\u0131 \u00f6\u011frenildi.<br \/><\/p>\n","protected":false},"excerpt":{"rendered":"<p>Didim Kaymakam\u0131 Can Kaz\u0131m Kuruca, \u0130\u00e7i\u015fleri Bakanl\u0131\u011f\u0131 g\u00f6revlendirilmesiyle Burdur\u2019un Bucak il\u00e7esine g\u00f6revlendirilirken, Didim\u2019e ise Konya Ak\u015fehir Kaymakam\u0131 Mesut \u00c7oban g\u00f6revlendirildi. 2022 A\u011fustos ay\u0131nda Didim\u2019e atanan Kaymakam Can Kaz\u0131m Kuruca, \u0130\u00e7i\u015fleri Bakanl\u0131\u011f\u0131 karar\u0131yla Burdur\u2019un Bucak il\u00e7esine g\u00f6revlendirildi. 3 y\u0131ld\u0131r Didim\u2019de Kaymakaml\u0131k yapan Kuruca, daha \u00f6ncede \u00fclkemizi sarsan ve 11 ilimizi etkileyen 6 \u015eubat depremleri sonras\u0131nda ge\u00e7ici&#8230;<\/p>\n","protected":false},"author":1,"featured_media":41621,"comment_status":"open","ping_status":"open","sticky":false,"template":"","format":"standard","meta":{"_crdt_document":"","footnotes":""},"categories":[5],"tags":[],"class_list":["post-41620","post","type-post","status-publish","format-standard","has-post-thumbnail","hentry","category-asayis"],"_links":{"self":[{"href":"https:\/\/www.egemtv.com\/index.php?rest_route=\/wp\/v2\/posts\/41620","targetHints":{"allow":["GET"]}}],"collection":[{"href":"https:\/\/www.egemtv.com\/index.php?rest_route=\/wp\/v2\/posts"}],"about":[{"href":"https:\/\/www.egemtv.com\/index.php?rest_route=\/wp\/v2\/types\/post"}],"author":[{"embeddable":true,"href":"https:\/\/www.egemtv.com\/index.php?rest_route=\/wp\/v2\/users\/1"}],"replies":[{"embeddable":true,"href":"https:\/\/www.egemtv.com\/index.php?rest_route=%2Fwp%2Fv2%2Fcomments&post=41620"}],"version-history":[{"count":1,"href":"https:\/\/www.egemtv.com\/index.php?rest_route=\/wp\/v2\/posts\/41620\/revisions"}],"predecessor-version":[{"id":41622,"href":"https:\/\/www.egemtv.com\/index.php?rest_route=\/wp\/v2\/posts\/41620\/revisions\/41622"}],"wp:featuredmedia":[{"embeddable":true,"href":"https:\/\/www.egemtv.com\/index.php?rest_route=\/wp\/v2\/media\/41621"}],"wp:attachment":[{"href":"https:\/\/www.egemtv.com\/index.php?rest_route=%2Fwp%2Fv2%2Fmedia&parent=41620"}],"wp:term":[{"taxonomy":"category","embeddable":true,"href":"https:\/\/www.egemtv.com\/index.php?rest_route=%2Fwp%2Fv2%2Fcategories&post=41620"},{"taxonomy":"post_tag","embeddable":true,"href":"https:\/\/www.egemtv.com\/index.php?rest_route=%2Fwp%2Fv2%2Ftags&post=41620"}],"curies":[{"name":"wp","href":"https:\/\/api.w.org\/{rel}","templated":true}]}}