{"id":41617,"date":"2025-07-12T14:15:13","date_gmt":"2025-07-12T11:15:13","guid":{"rendered":"https:\/\/www.egemtv.com\/?p=41617"},"modified":"2025-07-12T14:15:18","modified_gmt":"2025-07-12T11:15:18","slug":"tek-yanlisla-turkiye-birinciligini-kacirdi","status":"publish","type":"post","link":"https:\/\/www.egemtv.com\/?p=41617","title":{"rendered":"Tek yanl\u0131\u015fla T\u00fcrkiye birincili\u011fini ka\u00e7\u0131rd\u0131"},"content":{"rendered":"<p>Ge\u00e7ti\u011fimiz g\u00fcn a\u00e7\u0131klanan Liselere Ge\u00e7i\u015f S\u0131nav\u0131 (LGS) sonu\u00e7lar\u0131na g\u00f6re, Sar\u0131g\u00f6l \u015eehit Esin Akay Ortaokulu 8\/A s\u0131n\u0131f\u0131 \u00f6\u011frencisi Ahmet Mete \u0130nce, 90 soruluk s\u0131navda yaln\u0131zca bir T\u00fcrk\u00e7e sorusunu yanl\u0131\u015f yan\u0131tlayarak T\u00fcrkiye birincili\u011fini k\u0131l pay\u0131 ka\u00e7\u0131rd\u0131.<br \/>\n<br \/>Ahmet Mete \u0130nce, 493.9643 puan alarak Sar\u0131g\u00f6l il\u00e7e birincisi olurken, bu puanla il\u00e7ede bug\u00fcne kadar ula\u015f\u0131lan en y\u00fcksek ba\u015far\u0131ya imza att\u0131. Tek yanl\u0131\u015fa ra\u011fmen \u00fcst d\u00fczey bir s\u0131ralama elde eden ba\u015far\u0131l\u0131 \u00f6\u011frenci, hedefi olan Fen Lisesi\u2019ne yerle\u015fmeyi planl\u0131yor.<br \/>\n<br \/>Ahmet Mete \u0130nce\u2019nin ba\u015far\u0131s\u0131 okulunda ve il\u00e7ede b\u00fcy\u00fck sevin\u00e7le kar\u015f\u0131land\u0131. \u00d6\u011frencinin \u00f6\u011fretmenleri ve ailesi, gurur duyduklar\u0131n\u0131 belirterek bu ba\u015far\u0131n\u0131n di\u011fer \u00f6\u011frencilere de \u00f6rnek olmas\u0131n\u0131 dilediklerini ifade etti.<br \/><\/p>\n","protected":false},"excerpt":{"rendered":"<p>Ge\u00e7ti\u011fimiz g\u00fcn a\u00e7\u0131klanan Liselere Ge\u00e7i\u015f S\u0131nav\u0131 (LGS) sonu\u00e7lar\u0131na g\u00f6re, Sar\u0131g\u00f6l \u015eehit Esin Akay Ortaokulu 8\/A s\u0131n\u0131f\u0131 \u00f6\u011frencisi Ahmet Mete \u0130nce, 90 soruluk s\u0131navda yaln\u0131zca bir T\u00fcrk\u00e7e sorusunu yanl\u0131\u015f yan\u0131tlayarak T\u00fcrkiye birincili\u011fini k\u0131l pay\u0131 ka\u00e7\u0131rd\u0131. Ahmet Mete \u0130nce, 493.9643 puan alarak Sar\u0131g\u00f6l il\u00e7e birincisi olurken, bu puanla il\u00e7ede bug\u00fcne kadar ula\u015f\u0131lan en y\u00fcksek ba\u015far\u0131ya imza att\u0131&#8230;.<\/p>\n","protected":false},"author":1,"featured_media":41618,"comment_status":"open","ping_status":"open","sticky":false,"template":"","format":"standard","meta":{"_crdt_document":"","footnotes":""},"categories":[1],"tags":[],"class_list":["post-41617","post","type-post","status-publish","format-standard","has-post-thumbnail","hentry","category-guncel"],"_links":{"self":[{"href":"https:\/\/www.egemtv.com\/index.php?rest_route=\/wp\/v2\/posts\/41617","targetHints":{"allow":["GET"]}}],"collection":[{"href":"https:\/\/www.egemtv.com\/index.php?rest_route=\/wp\/v2\/posts"}],"about":[{"href":"https:\/\/www.egemtv.com\/index.php?rest_route=\/wp\/v2\/types\/post"}],"author":[{"embeddable":true,"href":"https:\/\/www.egemtv.com\/index.php?rest_route=\/wp\/v2\/users\/1"}],"replies":[{"embeddable":true,"href":"https:\/\/www.egemtv.com\/index.php?rest_route=%2Fwp%2Fv2%2Fcomments&post=41617"}],"version-history":[{"count":1,"href":"https:\/\/www.egemtv.com\/index.php?rest_route=\/wp\/v2\/posts\/41617\/revisions"}],"predecessor-version":[{"id":41619,"href":"https:\/\/www.egemtv.com\/index.php?rest_route=\/wp\/v2\/posts\/41617\/revisions\/41619"}],"wp:featuredmedia":[{"embeddable":true,"href":"https:\/\/www.egemtv.com\/index.php?rest_route=\/wp\/v2\/media\/41618"}],"wp:attachment":[{"href":"https:\/\/www.egemtv.com\/index.php?rest_route=%2Fwp%2Fv2%2Fmedia&parent=41617"}],"wp:term":[{"taxonomy":"category","embeddable":true,"href":"https:\/\/www.egemtv.com\/index.php?rest_route=%2Fwp%2Fv2%2Fcategories&post=41617"},{"taxonomy":"post_tag","embeddable":true,"href":"https:\/\/www.egemtv.com\/index.php?rest_route=%2Fwp%2Fv2%2Ftags&post=41617"}],"curies":[{"name":"wp","href":"https:\/\/api.w.org\/{rel}","templated":true}]}}