{"id":41611,"date":"2025-07-12T13:37:18","date_gmt":"2025-07-12T10:37:18","guid":{"rendered":"https:\/\/www.egemtv.com\/?p=41611"},"modified":"2025-07-12T13:37:22","modified_gmt":"2025-07-12T10:37:22","slug":"muglanin-eski-belediye-baskani-cakir-vefatinin-5-yilinda-dualarla-anildi","status":"publish","type":"post","link":"https:\/\/www.egemtv.com\/?p=41611","title":{"rendered":"Mu\u011fla\u2019n\u0131n eski Belediye Ba\u015fkan\u0131 \u00c7ak\u0131r, vefat\u0131n\u0131n 5. y\u0131l\u0131nda dualarla an\u0131ld\u0131"},"content":{"rendered":"<p>Mu\u011fla\u2019da 1989-1999 y\u0131llar\u0131 aras\u0131nda Belediye Ba\u015fkanl\u0131\u011f\u0131 g\u00f6revinde bulunan ve kente kazand\u0131rd\u0131\u011f\u0131 hizmetlerle haf\u0131zalarda yer edinen merhum Orhan \u00c7ak\u0131r, vefat\u0131n\u0131n 5. y\u0131l\u0131nda unutulmad\u0131. Mu\u011fla B\u00fcy\u00fck\u015fehir Belediyesi taraf\u0131ndan d\u00fczenlenen anma program\u0131 ile eski ba\u015fkan Orhan \u00c7ak\u0131r dualarla ve lokma hayr\u0131yla an\u0131ld\u0131.<\/p>\n<p>Kur\u015funlu Meydan\u0131\u2019nda ger\u00e7ekle\u015fen etkinlikte vatanda\u015flara lokma ikram\u0131 yap\u0131l\u0131rken, Kur\u2019an-\u0131 Kerim tilaveti okunarak dualar edildi. Mu\u011flal\u0131 vatanda\u015flar\u0131n yo\u011fun ilgi g\u00f6sterdi\u011fi anma program\u0131nda duygusal anlar ya\u015fand\u0131. Anma program\u0131na Mu\u011fla B\u00fcy\u00fck\u015fehir Belediye Ba\u015fkan\u0131 Ahmet Aras, Mente\u015fe Belediye Ba\u015fkan\u0131 Gonca K\u00f6ksal Aras, Orhan \u00c7ak\u0131r\u2019\u0131n ailesi, yak\u0131nlar\u0131 ve \u00e7ok say\u0131da seveni kat\u0131ld\u0131. Programda bir konu\u015fma yapan Ba\u015fkan Ahmet Aras, merhum Orhan \u00c7ak\u0131r ile olan ba\u011f\u0131n\u0131 &#8220;Bodrum Belediye Ba\u015fkanl\u0131\u011f\u0131 g\u00f6revine ba\u015flad\u0131\u011f\u0131mda Orhan \u00c7ak\u0131r, bana ilk yol g\u00f6sterenlerden biriydi. Babacan ve samimi tav\u0131rlar\u0131yla her zaman rehberlik etti. Belediye ba\u015fkanl\u0131\u011f\u0131 d\u00f6neminde halkla kurdu\u011fu g\u00fc\u00e7l\u00fc ba\u011f, kent sevgisi ve vizyoner hizmet anlay\u0131\u015f\u0131yla hepimize \u00f6rnek oldu. Onu rahmet ve minnetle an\u0131yorum&#8221; s\u00f6zleriyle ifade etti.<\/p>\n<p>Mu\u011fla siyasetine iz b\u0131rakt\u0131<br \/>\n<br \/>G\u00f6rev s\u00fcresi boyunca kente kazand\u0131rd\u0131\u011f\u0131 altyap\u0131 \u00e7al\u0131\u015fmalar\u0131, sosyal projeler ve halkla i\u00e7 i\u00e7e y\u00fcr\u00fctt\u00fc\u011f\u00fc belediyecilik anlay\u0131\u015f\u0131yla takdir toplayan Orhan \u00c7ak\u0131r, Mu\u011fla siyasetinde \u00f6nemli bir iz b\u0131rakt\u0131. M\u00fctevaz\u0131 ya\u015fam\u0131, halkla kurdu\u011fu samimi diyaloglar ve hizmet odakl\u0131 y\u00f6netim tarz\u0131yla halen sayg\u0131yla an\u0131l\u0131yor.<br \/><\/p>\n","protected":false},"excerpt":{"rendered":"<p>Mu\u011fla\u2019da 1989-1999 y\u0131llar\u0131 aras\u0131nda Belediye Ba\u015fkanl\u0131\u011f\u0131 g\u00f6revinde bulunan ve kente kazand\u0131rd\u0131\u011f\u0131 hizmetlerle haf\u0131zalarda yer edinen merhum Orhan \u00c7ak\u0131r, vefat\u0131n\u0131n 5. y\u0131l\u0131nda unutulmad\u0131. Mu\u011fla B\u00fcy\u00fck\u015fehir Belediyesi taraf\u0131ndan d\u00fczenlenen anma program\u0131 ile eski ba\u015fkan Orhan \u00c7ak\u0131r dualarla ve lokma hayr\u0131yla an\u0131ld\u0131. Kur\u015funlu Meydan\u0131\u2019nda ger\u00e7ekle\u015fen etkinlikte vatanda\u015flara lokma ikram\u0131 yap\u0131l\u0131rken, Kur\u2019an-\u0131 Kerim tilaveti okunarak dualar edildi. Mu\u011flal\u0131 vatanda\u015flar\u0131n&#8230;<\/p>\n","protected":false},"author":1,"featured_media":41612,"comment_status":"open","ping_status":"open","sticky":false,"template":"","format":"standard","meta":{"_crdt_document":"","footnotes":""},"categories":[1],"tags":[],"class_list":["post-41611","post","type-post","status-publish","format-standard","has-post-thumbnail","hentry","category-guncel"],"_links":{"self":[{"href":"https:\/\/www.egemtv.com\/index.php?rest_route=\/wp\/v2\/posts\/41611","targetHints":{"allow":["GET"]}}],"collection":[{"href":"https:\/\/www.egemtv.com\/index.php?rest_route=\/wp\/v2\/posts"}],"about":[{"href":"https:\/\/www.egemtv.com\/index.php?rest_route=\/wp\/v2\/types\/post"}],"author":[{"embeddable":true,"href":"https:\/\/www.egemtv.com\/index.php?rest_route=\/wp\/v2\/users\/1"}],"replies":[{"embeddable":true,"href":"https:\/\/www.egemtv.com\/index.php?rest_route=%2Fwp%2Fv2%2Fcomments&post=41611"}],"version-history":[{"count":1,"href":"https:\/\/www.egemtv.com\/index.php?rest_route=\/wp\/v2\/posts\/41611\/revisions"}],"predecessor-version":[{"id":41613,"href":"https:\/\/www.egemtv.com\/index.php?rest_route=\/wp\/v2\/posts\/41611\/revisions\/41613"}],"wp:featuredmedia":[{"embeddable":true,"href":"https:\/\/www.egemtv.com\/index.php?rest_route=\/wp\/v2\/media\/41612"}],"wp:attachment":[{"href":"https:\/\/www.egemtv.com\/index.php?rest_route=%2Fwp%2Fv2%2Fmedia&parent=41611"}],"wp:term":[{"taxonomy":"category","embeddable":true,"href":"https:\/\/www.egemtv.com\/index.php?rest_route=%2Fwp%2Fv2%2Fcategories&post=41611"},{"taxonomy":"post_tag","embeddable":true,"href":"https:\/\/www.egemtv.com\/index.php?rest_route=%2Fwp%2Fv2%2Ftags&post=41611"}],"curies":[{"name":"wp","href":"https:\/\/api.w.org\/{rel}","templated":true}]}}