{"id":41608,"date":"2025-07-12T13:37:12","date_gmt":"2025-07-12T10:37:12","guid":{"rendered":"https:\/\/www.egemtv.com\/?p=41608"},"modified":"2025-07-12T13:37:18","modified_gmt":"2025-07-12T10:37:18","slug":"koycegizliler-dualar-ve-ikramlarla-sehitleri-yad-etti","status":"publish","type":"post","link":"https:\/\/www.egemtv.com\/?p=41608","title":{"rendered":"K\u00f6yce\u011fizliler dualar ve ikramlarla \u015fehitleri yad etti"},"content":{"rendered":"<p>Mu\u011fla\u2019n\u0131n K\u00f6yce\u011fiz il\u00e7esinde 15 Temmuz Demokrasi ve Milli Birlik G\u00fcn\u00fc\u2019n\u00fcn 9.y\u0131l d\u00f6n\u00fcm\u00fc vesilesiyle \u015fehitler, hayat\u0131n\u0131 kaybeden gaziler hatimlerle, dualarla ve ikramlarla yad edildi.<\/p>\n<p>15 Temmuz Demokrasi ve Milli Birlik G\u00fcn\u00fc vesilesiyle K\u00f6yce\u011fiz M\u00fcft\u00fcl\u00fc\u011f\u00fc okunan 56 Hatm-i \u015eerifin duas\u0131n\u0131n da yap\u0131ld\u0131\u011f\u0131 Mevlid-i \u015eerif program\u0131 d\u00fczenledi. Din g\u00f6revlilerinin Mevlid-i \u015eerif okumalar\u0131n\u0131n akabinde \u0130l\u00e7e M\u00fcft\u00fcs\u00fc Ahmet Karag\u00f6z, Sahih Dini Bilginin \u00f6nemi ve Vatan sevgisi konulu sohbette bulunduktan sonra Mevlid-i \u015eerif ile Kur\u2019an Kursu \u00d6\u011freticileri, \u0130mam-Hatip ve M\u00fcezzin Kayy\u0131mlar taraf\u0131ndan aziz \u015fehitlerimiz i\u00e7in okunan 56 hatmi \u015ferifin duas\u0131n\u0131 yapt\u0131. Cuma namaz\u0131ndan sonra K\u00f6yce\u011fiz M\u00fcft\u00fcl\u00fc\u011f\u00fc ve TDV K\u00f6yce\u011fiz \u015eubesi taraf\u0131ndan hem 15 Temmuz\u2019un y\u0131l d\u00f6n\u00fcm\u00fc hem de Muharrem ay\u0131 ve A\u015fure g\u00fcn\u00fc vesilesiyle, Kerbela \u015eehitleri,15 Temmuz \u015eehitleri, Pen\u00e7e Kilit Harekat\u0131 \u015eehitleri ile vatan ve mukaddesat u\u011fruna fedai can eden b\u00fct\u00fcn aziz \u015fehitlerin ruhlar\u0131na ithafen a\u015fure ikram\u0131nda bulunuldu.<\/p>\n<p>K\u00f6yce\u011fizlilerin yo\u011fun kat\u0131l\u0131m g\u00f6sterdi\u011fi ve dualarla \u015fehitleri yad ettikleri Hatim Duas\u0131 ve Mevlidi \u015eerif program\u0131 Kaymakam Mert Kumcu ile M\u00fcft\u00fc Karag\u00f6z\u2019\u00fcn birlikte vatanda\u015flara a\u015fure ikram\u0131nda bulunmas\u0131 ile sona erdi. Programa K\u00f6yce\u011fiz Kaymakam\u0131 Mert Kumcu, protokol \u00fcyeleri, siyasi parti temsilcileri, sivil toplum kurulu\u015flar\u0131 ve vatanda\u015flar kat\u0131ld\u0131.<br \/><\/p>\n","protected":false},"excerpt":{"rendered":"<p>Mu\u011fla\u2019n\u0131n K\u00f6yce\u011fiz il\u00e7esinde 15 Temmuz Demokrasi ve Milli Birlik G\u00fcn\u00fc\u2019n\u00fcn 9.y\u0131l d\u00f6n\u00fcm\u00fc vesilesiyle \u015fehitler, hayat\u0131n\u0131 kaybeden gaziler hatimlerle, dualarla ve ikramlarla yad edildi. 15 Temmuz Demokrasi ve Milli Birlik G\u00fcn\u00fc vesilesiyle K\u00f6yce\u011fiz M\u00fcft\u00fcl\u00fc\u011f\u00fc okunan 56 Hatm-i \u015eerifin duas\u0131n\u0131n da yap\u0131ld\u0131\u011f\u0131 Mevlid-i \u015eerif program\u0131 d\u00fczenledi. Din g\u00f6revlilerinin Mevlid-i \u015eerif okumalar\u0131n\u0131n akabinde \u0130l\u00e7e M\u00fcft\u00fcs\u00fc Ahmet Karag\u00f6z, Sahih&#8230;<\/p>\n","protected":false},"author":1,"featured_media":41609,"comment_status":"open","ping_status":"open","sticky":false,"template":"","format":"standard","meta":{"_crdt_document":"","footnotes":""},"categories":[1],"tags":[],"class_list":["post-41608","post","type-post","status-publish","format-standard","has-post-thumbnail","hentry","category-guncel"],"_links":{"self":[{"href":"https:\/\/www.egemtv.com\/index.php?rest_route=\/wp\/v2\/posts\/41608","targetHints":{"allow":["GET"]}}],"collection":[{"href":"https:\/\/www.egemtv.com\/index.php?rest_route=\/wp\/v2\/posts"}],"about":[{"href":"https:\/\/www.egemtv.com\/index.php?rest_route=\/wp\/v2\/types\/post"}],"author":[{"embeddable":true,"href":"https:\/\/www.egemtv.com\/index.php?rest_route=\/wp\/v2\/users\/1"}],"replies":[{"embeddable":true,"href":"https:\/\/www.egemtv.com\/index.php?rest_route=%2Fwp%2Fv2%2Fcomments&post=41608"}],"version-history":[{"count":1,"href":"https:\/\/www.egemtv.com\/index.php?rest_route=\/wp\/v2\/posts\/41608\/revisions"}],"predecessor-version":[{"id":41610,"href":"https:\/\/www.egemtv.com\/index.php?rest_route=\/wp\/v2\/posts\/41608\/revisions\/41610"}],"wp:featuredmedia":[{"embeddable":true,"href":"https:\/\/www.egemtv.com\/index.php?rest_route=\/wp\/v2\/media\/41609"}],"wp:attachment":[{"href":"https:\/\/www.egemtv.com\/index.php?rest_route=%2Fwp%2Fv2%2Fmedia&parent=41608"}],"wp:term":[{"taxonomy":"category","embeddable":true,"href":"https:\/\/www.egemtv.com\/index.php?rest_route=%2Fwp%2Fv2%2Fcategories&post=41608"},{"taxonomy":"post_tag","embeddable":true,"href":"https:\/\/www.egemtv.com\/index.php?rest_route=%2Fwp%2Fv2%2Ftags&post=41608"}],"curies":[{"name":"wp","href":"https:\/\/api.w.org\/{rel}","templated":true}]}}