{"id":41602,"date":"2025-07-12T12:58:52","date_gmt":"2025-07-12T09:58:52","guid":{"rendered":"https:\/\/www.egemtv.com\/?p=41602"},"modified":"2025-07-12T12:58:58","modified_gmt":"2025-07-12T09:58:58","slug":"burdurda-otomobil-tarlaya-uctu-2-yarali","status":"publish","type":"post","link":"https:\/\/www.egemtv.com\/?p=41602","title":{"rendered":"Burdur\u2019da otomobil tarlaya u\u00e7tu: 2 yaral\u0131"},"content":{"rendered":"<p>Burdur\u2019un G\u00f6lhisar il\u00e7esinde meydana gelen trafik kazas\u0131nda, otomobilin bu\u011fday y\u00fckl\u00fc trakt\u00f6r r\u00f6morkuna \u00e7arpmamak i\u00e7in manevra yapt\u0131\u011f\u0131 s\u0131rada kontrolden \u00e7\u0131karak tarlaya u\u00e7mas\u0131 sonucu 2 ki\u015fi yaraland\u0131.<br \/>\n<br \/>Kaza, d\u00fcn ak\u015fam saatlerinde G\u00f6lhisar il\u00e7esi Alt\u0131nyayla yolu \u00fczerindeki D\u00f6mek mevkiinde meydana geldi. Edinilen bilgilere g\u00f6re, Dilaver B. idaresindeki 07 V 7276 plakal\u0131 otomobil, ayn\u0131 y\u00f6nde seyir halinde olan bu\u011fday y\u00fckl\u00fc trakt\u00f6r\u00fcn r\u00f6morkundaki reflekt\u00f6r\u00fcn r\u00fczgar nedeniyle branda ile kapanmas\u0131 sonucu trakt\u00f6r\u00fc son anda fark etti. S\u00fcr\u00fcc\u00fc Dilaver B., \u00e7arpmamak i\u00e7in direksiyonu k\u0131r\u0131nca ara\u00e7 kontrolden \u00e7\u0131karak taklalar att\u0131 ve yol kenar\u0131ndaki tarlaya u\u00e7tu.<br \/>\n<br \/>Kazada s\u00fcr\u00fcc\u00fc Dilaver B. ile otomobilde yolcu olarak bulunan Ilg\u0131n B. yaraland\u0131. \u0130hbar \u00fczerine olay yerine jandarma ve sa\u011fl\u0131k ekipleri sevk edildi. Yaral\u0131lar, olay yerindeki ilk m\u00fcdahalenin ard\u0131ndan G\u00f6lhisar Devlet Hastanesi\u2019ne kald\u0131r\u0131ld\u0131. Her iki yaral\u0131n\u0131n da sa\u011fl\u0131k durumunun iyi oldu\u011fu \u00f6\u011frenildi.<br \/><\/p>\n","protected":false},"excerpt":{"rendered":"<p>Burdur\u2019un G\u00f6lhisar il\u00e7esinde meydana gelen trafik kazas\u0131nda, otomobilin bu\u011fday y\u00fckl\u00fc trakt\u00f6r r\u00f6morkuna \u00e7arpmamak i\u00e7in manevra yapt\u0131\u011f\u0131 s\u0131rada kontrolden \u00e7\u0131karak tarlaya u\u00e7mas\u0131 sonucu 2 ki\u015fi yaraland\u0131. Kaza, d\u00fcn ak\u015fam saatlerinde G\u00f6lhisar il\u00e7esi Alt\u0131nyayla yolu \u00fczerindeki D\u00f6mek mevkiinde meydana geldi. Edinilen bilgilere g\u00f6re, Dilaver B. idaresindeki 07 V 7276 plakal\u0131 otomobil, ayn\u0131 y\u00f6nde seyir halinde olan bu\u011fday&#8230;<\/p>\n","protected":false},"author":1,"featured_media":41603,"comment_status":"open","ping_status":"open","sticky":false,"template":"","format":"standard","meta":{"_crdt_document":"","footnotes":""},"categories":[5],"tags":[],"class_list":["post-41602","post","type-post","status-publish","format-standard","has-post-thumbnail","hentry","category-asayis"],"_links":{"self":[{"href":"https:\/\/www.egemtv.com\/index.php?rest_route=\/wp\/v2\/posts\/41602","targetHints":{"allow":["GET"]}}],"collection":[{"href":"https:\/\/www.egemtv.com\/index.php?rest_route=\/wp\/v2\/posts"}],"about":[{"href":"https:\/\/www.egemtv.com\/index.php?rest_route=\/wp\/v2\/types\/post"}],"author":[{"embeddable":true,"href":"https:\/\/www.egemtv.com\/index.php?rest_route=\/wp\/v2\/users\/1"}],"replies":[{"embeddable":true,"href":"https:\/\/www.egemtv.com\/index.php?rest_route=%2Fwp%2Fv2%2Fcomments&post=41602"}],"version-history":[{"count":1,"href":"https:\/\/www.egemtv.com\/index.php?rest_route=\/wp\/v2\/posts\/41602\/revisions"}],"predecessor-version":[{"id":41604,"href":"https:\/\/www.egemtv.com\/index.php?rest_route=\/wp\/v2\/posts\/41602\/revisions\/41604"}],"wp:featuredmedia":[{"embeddable":true,"href":"https:\/\/www.egemtv.com\/index.php?rest_route=\/wp\/v2\/media\/41603"}],"wp:attachment":[{"href":"https:\/\/www.egemtv.com\/index.php?rest_route=%2Fwp%2Fv2%2Fmedia&parent=41602"}],"wp:term":[{"taxonomy":"category","embeddable":true,"href":"https:\/\/www.egemtv.com\/index.php?rest_route=%2Fwp%2Fv2%2Fcategories&post=41602"},{"taxonomy":"post_tag","embeddable":true,"href":"https:\/\/www.egemtv.com\/index.php?rest_route=%2Fwp%2Fv2%2Ftags&post=41602"}],"curies":[{"name":"wp","href":"https:\/\/api.w.org\/{rel}","templated":true}]}}