{"id":41599,"date":"2025-07-12T12:37:40","date_gmt":"2025-07-12T09:37:40","guid":{"rendered":"https:\/\/www.egemtv.com\/?p=41599"},"modified":"2025-07-12T12:37:44","modified_gmt":"2025-07-12T09:37:44","slug":"is-sanat-anadolu-sergilerini-denizlide-ibrahim-calli-seckisiyle-baslatti","status":"publish","type":"post","link":"https:\/\/www.egemtv.com\/?p=41599","title":{"rendered":"\u0130\u015f Sanat, Anadolu Sergilerini Denizli\u2019de \u0130brahim \u00c7all\u0131 se\u00e7kisiyle ba\u015flatt\u0131"},"content":{"rendered":"<p>T\u00fcrkiye \u0130\u015f Bankas\u0131\u2019n\u0131n  \u0130\u015f Sanat Anadolu Sergileri\u2019nin ilki Ressam \u0130brahim \u00c7all\u0131\u2019n\u0131n 143. do\u011fum g\u00fcn\u00fcnde memleketi olan Denizli\u2019nin \u00c7al il\u00e7esinde ba\u015flad\u0131. \u0130\u015f Bankas\u0131 \u00c7al \u015eubesi\u2019nde Ressam \u00c7all\u0131\u2019ya ait 6 eser sergilendi.<br \/>\n<br \/>\u0130\u015f Sanat, Cumhuriyet\u2019in 100. y\u0131l\u0131nda \u0130stanbul\u2019da ziyarete a\u00e7\u0131lan Resim Heykel M\u00fczesi\u2019yle sanatseverlere sunulan T\u00fcrkiye \u0130\u015f Bankas\u0131 Sanat Eserleri Koleksiyonu\u2019ndan yap\u0131lan \u00f6zel se\u00e7kileri Anadolu\u2019ya da ta\u015f\u0131yor. &#8220;Herkes \u0130\u00e7in Sanat: Anadolu Sergileri&#8221; ba\u015fl\u0131\u011f\u0131yla hayata ge\u00e7irilen sergi dizisinin ilk dura\u011f\u0131 olarak, T\u00fcrk resim sanat\u0131n\u0131n en \u00f6nemli isimlerinden \u0130brahim \u00c7all\u0131\u2019n\u0131n do\u011fum yeri olan Denizli\u2019nin \u00c7al il\u00e7esi se\u00e7ildi. 143. do\u011fum g\u00fcn\u00fcnde \u00c7all\u0131\u2019y\u0131 anmak \u00fczere 12-13 Temmuz tarihlerinde T\u00fcrkiye \u0130\u015f Bankas\u0131 \u00c7al \u015eubesi\u2019nde d\u00fczenlenen sergide, sanat\u00e7\u0131n\u0131n &#8220;G\u00fcl Koklayan Kad\u0131n&#8221;, &#8220;Manolyalar&#8221;, &#8220;Bal\u0131k\u00e7\u0131lar&#8221; ve &#8220;Peyzaj-Bebek \u0130skelesi \u00d6n\u00fc&#8221; gibi eserlerinin yer ald\u0131\u011f\u0131 \u00f6zel bir se\u00e7ki sunuldu. \u0130\u015f Sanat Genel M\u00fcd\u00fcr\u00fc Zuhal \u00dcreten\u2019in yapt\u0131\u011f\u0131 konu\u015fmayla a\u00e7\u0131lan sergiye \u00e7ok say\u0131da \u00c7all\u0131 sanatsever b\u00fcy\u00fck ilgi g\u00f6sterirken, sergi b\u00fcnyesinde \u00e7ocuklara y\u00f6nelik at\u00f6lye \u00e7al\u0131\u015fmalar\u0131 da d\u00fczenlendi. T\u00fcrkiye \u0130\u015f Bankas\u0131 Resim Heykel M\u00fczesi Kurucu K\u00fcrat\u00f6r\u00fc Prof. Dr. G\u00fcl \u0130repo\u011flu, sergi ziyaret\u00e7ilerine \u0130brahim \u00c7all\u0131 ve sergilenen eserler hakk\u0131nda bilgi verdi.<\/p>\n<p>Anadolu ergileri devam edecek<br \/>\n<br \/>Anadolu\u2019nun farkl\u0131 il ve il\u00e7elerindeki T\u00fcrkiye \u0130\u015f Bankas\u0131 \u015fubelerinin ge\u00e7en y\u00fczy\u0131lda duvarlar\u0131n\u0131 s\u00fcsleyen eserlerin, o y\u0131llarda \u015fubeleri m\u00fctevaz\u0131 birer sanat galerisine d\u00f6n\u00fc\u015ft\u00fcrerek y\u00f6rede ya\u015fayanlarla sanat aras\u0131nda ba\u011flar kurdu\u011funa inand\u0131klar\u0131n\u0131 dile getiren Zuhal \u00dcreten, k\u00f6kl\u00fc bir gelenekten hareketle kurgulad\u0131klar\u0131 &#8220;Herkes \u0130\u00e7in Sanat: Anadolu Sergileri&#8221;nin ilk dura\u011f\u0131nda yapt\u0131\u011f\u0131 konu\u015fmada, &#8220;T\u00fcrkiye \u0130\u015f Bankas\u0131 Sanat Eserleri Koleksiyonu, resim sanat\u0131m\u0131z\u0131n temel ta\u015flar\u0131n\u0131 olu\u015fturan pek \u00e7ok de\u011ferli sanat\u00e7\u0131n\u0131n eserine ev sahipli\u011fi yap\u0131yor. \u00d6zellikle ge\u00e7ti\u011fimiz y\u00fczy\u0131lda Anadolu\u2019da, resim \u00f6\u011fretmenli\u011fi ba\u015fta olmak \u00fczere, \u00e7e\u015fitli g\u00f6revler \u00fcstlenmi\u015f ve ilham\u0131n\u0131 da yine Anadolu\u2019dan alarak sanatsal birikimimize paha bi\u00e7ilmez katk\u0131larda bulunmu\u015f sanat\u00e7\u0131lar\u0131m\u0131z\u0131n bu koleksiyondaki eserleri, yaln\u0131zca estetik de\u011fil, ayn\u0131 zamanda tarihi ve k\u00fclt\u00fcrel tan\u0131kl\u0131klar\u0131yla b\u00fcy\u00fck bir \u00f6nem ta\u015f\u0131yor&#8221; dedi.<br \/>\n<br \/>Anadolu Sergileri\u2019nin, T\u00fcrkiye \u0130\u015f Bankas\u0131 Resim Heykel M\u00fczesi\u2019nin \u00f6\u011frenme programlar\u0131n\u0131n d\u00fczenli faaliyetlerinden biri olarak s\u00fcrd\u00fcr\u00fclece\u011fini ve bir sonraki dura\u011f\u0131n Mu\u011fla\u2019n\u0131n Milas il\u00e7esi olaca\u011f\u0131n\u0131 belirten Zuhal \u00dcreten, s\u00f6zlerini \u015f\u00f6yle s\u00fcrd\u00fcrd\u00fc: &#8220;Sanat eserlerinin \u00fclkemizin d\u00f6rt bir k\u00f6\u015fesinde eri\u015filebilirli\u011fini sa\u011flamak, sanata olan ilgi ve sevgiyi art\u0131rmak \u00fczere ba\u015flatt\u0131\u011f\u0131m\u0131z \u2018Herkes \u0130\u00e7in Sanat: Anadolu Sergileri\u2019nin bir sonraki dura\u011f\u0131 Mu\u011fla\u2019n\u0131n Milas il\u00e7esi olacak, Milasl\u0131 sanatseverler i\u00e7in haz\u0131rlanan yeni bir se\u00e7ki, 26-27 Temmuz tarihlerinde T\u00fcrkiye \u0130\u015f Bankas\u0131 Milas \u015eubesi\u2019nde sergilenecek.&#8221;<br \/><\/p>\n","protected":false},"excerpt":{"rendered":"<p>T\u00fcrkiye \u0130\u015f Bankas\u0131\u2019n\u0131n \u0130\u015f Sanat Anadolu Sergileri\u2019nin ilki Ressam \u0130brahim \u00c7all\u0131\u2019n\u0131n 143. do\u011fum g\u00fcn\u00fcnde memleketi olan Denizli\u2019nin \u00c7al il\u00e7esinde ba\u015flad\u0131. \u0130\u015f Bankas\u0131 \u00c7al \u015eubesi\u2019nde Ressam \u00c7all\u0131\u2019ya ait 6 eser sergilendi. \u0130\u015f Sanat, Cumhuriyet\u2019in 100. y\u0131l\u0131nda \u0130stanbul\u2019da ziyarete a\u00e7\u0131lan Resim Heykel M\u00fczesi\u2019yle sanatseverlere sunulan T\u00fcrkiye \u0130\u015f Bankas\u0131 Sanat Eserleri Koleksiyonu\u2019ndan yap\u0131lan \u00f6zel se\u00e7kileri Anadolu\u2019ya da ta\u015f\u0131yor&#8230;.<\/p>\n","protected":false},"author":1,"featured_media":41600,"comment_status":"open","ping_status":"open","sticky":false,"template":"","format":"standard","meta":{"_crdt_document":"","footnotes":""},"categories":[1],"tags":[],"class_list":["post-41599","post","type-post","status-publish","format-standard","has-post-thumbnail","hentry","category-guncel"],"_links":{"self":[{"href":"https:\/\/www.egemtv.com\/index.php?rest_route=\/wp\/v2\/posts\/41599","targetHints":{"allow":["GET"]}}],"collection":[{"href":"https:\/\/www.egemtv.com\/index.php?rest_route=\/wp\/v2\/posts"}],"about":[{"href":"https:\/\/www.egemtv.com\/index.php?rest_route=\/wp\/v2\/types\/post"}],"author":[{"embeddable":true,"href":"https:\/\/www.egemtv.com\/index.php?rest_route=\/wp\/v2\/users\/1"}],"replies":[{"embeddable":true,"href":"https:\/\/www.egemtv.com\/index.php?rest_route=%2Fwp%2Fv2%2Fcomments&post=41599"}],"version-history":[{"count":1,"href":"https:\/\/www.egemtv.com\/index.php?rest_route=\/wp\/v2\/posts\/41599\/revisions"}],"predecessor-version":[{"id":41601,"href":"https:\/\/www.egemtv.com\/index.php?rest_route=\/wp\/v2\/posts\/41599\/revisions\/41601"}],"wp:featuredmedia":[{"embeddable":true,"href":"https:\/\/www.egemtv.com\/index.php?rest_route=\/wp\/v2\/media\/41600"}],"wp:attachment":[{"href":"https:\/\/www.egemtv.com\/index.php?rest_route=%2Fwp%2Fv2%2Fmedia&parent=41599"}],"wp:term":[{"taxonomy":"category","embeddable":true,"href":"https:\/\/www.egemtv.com\/index.php?rest_route=%2Fwp%2Fv2%2Fcategories&post=41599"},{"taxonomy":"post_tag","embeddable":true,"href":"https:\/\/www.egemtv.com\/index.php?rest_route=%2Fwp%2Fv2%2Ftags&post=41599"}],"curies":[{"name":"wp","href":"https:\/\/api.w.org\/{rel}","templated":true}]}}