{"id":41596,"date":"2025-07-12T12:37:35","date_gmt":"2025-07-12T09:37:35","guid":{"rendered":"https:\/\/www.egemtv.com\/?p=41596"},"modified":"2025-07-12T12:37:40","modified_gmt":"2025-07-12T09:37:40","slug":"nejat-tulek-junior-cup-futbol-turnuvasi-odul-toreniyle-son-buldu","status":"publish","type":"post","link":"https:\/\/www.egemtv.com\/?p=41596","title":{"rendered":"Nejat T\u00fclek Junior CUP futbol turnuvas\u0131 \u00f6d\u00fcl t\u00f6reniyle son buldu"},"content":{"rendered":"<p>K\u00fctahya\u2019n\u0131n Tav\u015fanl\u0131 il\u00e7esinde Erdem Spor Kul\u00fcb\u00fc\u2019n\u00fcn bu y\u0131l 7.\u2019sini d\u00fczenledi\u011fi Nejat T\u00fclek Junior CUP Futbol Turnuvas\u0131 \u00f6d\u00fcl t\u00f6reniyle tamamland\u0131.<br \/>\n<br \/>Ge\u00e7ti\u011fimiz y\u0131llarda Uluslararas\u0131 boyutta d\u00fczenlenen turnuva bu sene Rusya &#8211; Ukrayna sava\u015f\u0131 ve Ortado\u011fu\u2019daki sava\u015f g\u00fcndemi nedeniyle sadece \u00fclke s\u0131n\u0131rlar\u0131 i\u00e7inde kald\u0131. Turnuvaya KKTC\u2019den de 1 tak\u0131m i\u015ftirak etti. Ada stad\u0131nda 8 kul\u00fcb\u00fcn y\u0131ld\u0131z adaylar\u0131 k\u0131yas\u0131ya m\u00fccade etti. Final ma\u00e7lar\u0131n\u0131n oynand\u0131\u011f\u0131 son g\u00fcn sabah saatlerinde kupa t\u00f6reni d\u00fczenlendi. Tav\u015fanl\u0131 Milli E\u011fitim M\u00fcd\u00fcr\u00fc Ra\u015fit K\u00fc\u00e7\u00fckka\u011fn\u0131c\u0131, Belediye Ba\u015fkan Yard\u0131mc\u0131lar\u0131 ve spor camias\u0131n\u0131n kat\u0131ld\u0131\u011f\u0131 t\u00f6rende g\u00f6zler Tav\u015fanl\u0131l\u0131 futbol adam\u0131 Nejat T\u00fclek\u2019i arad\u0131. Ge\u00e7ti\u011fimiz hafta n\u00f6rolojik bir rahats\u0131zl\u0131k ge\u00e7irerek yo\u011fun bak\u0131mda kalan Nejat T\u00fclek\u2019in fizik tedaviye ba\u015flad\u0131\u011f\u0131 ve kupa t\u00f6reni i\u00e7in doktorlar\u0131ndan izin alamad\u0131\u011f\u0131 \u00f6\u011frenildi. Bu y\u0131l turnuvaya ismi verilen Nejat T\u00fclek\u2019in sa\u011fl\u0131k durumunun her ge\u00e7en g\u00fcn iyiye gitti\u011fi \u00f6\u011frenildi. Nejat T\u00fclek i\u00e7in haz\u0131rlanan te\u015fekk\u00fcr plaketini o\u011flu Emrah T\u00fclek, Gen\u00e7lik ve Spor M\u00fcd\u00fcr Vekili Mustafa Sert\u2019in elinden ald\u0131.<br \/>\n<br \/>Turnuvan\u0131n kupa ve \u00f6d\u00fcl t\u00f6reninde yap\u0131lan konu\u015fmalarda sporun birle\u015ftirici g\u00fcc\u00fcne, \u00e7ocuklara verdi\u011fi ahlaka ve \u00f6zg\u00fcvene vurgu yap\u0131ld\u0131. Burada konu\u015fan Belediye Ba\u015fkan Yard\u0131mc\u0131s\u0131 \u0130rfan G\u00fcle\u00e7, &#8220;Bug\u00fcn te\u015fekk\u00fcrler bol olacak. Hem antren\u00f6rlerimize, hem \u00e7ocuklar\u0131m\u0131za, hem de aillerimize te\u015fekk\u00fcr etmemiz gerekiyor. \u00d6rnek birer vatanda\u015f olduklar\u0131 i\u00e7in ve bu de\u011ferlerin burada at\u0131lmas\u0131ndan dolay\u0131 minik yavrular\u0131m\u0131za ayr\u0131 ayr\u0131 te\u015fekk\u00fcr ediyorum. Bu \u00e7ocuklar\u0131m\u0131z ileride T\u00fcrk futbolunun, sporunun birer par\u00e7as\u0131 olacaklar. Onlara spor hayat\u0131nda ba\u015far\u0131lar diliyorum&#8221; dedi.<br \/>\n<br \/>Programda \u00f6zellikle Tav\u015fanl\u0131\u2019da ki turnuva i\u00e7in ter d\u00f6ken, organizasyonun eksiksiz yap\u0131lmas\u0131nda katk\u0131s\u0131 olan hakem ve saha d\u0131\u015f\u0131nda tak\u0131mlara yard\u0131mc\u0131 olan antren\u00f6rlere te\u015fekk\u00fcr edilerek plaketle \u00f6d\u00fcllendirildi.<br \/><\/p>\n","protected":false},"excerpt":{"rendered":"<p>K\u00fctahya\u2019n\u0131n Tav\u015fanl\u0131 il\u00e7esinde Erdem Spor Kul\u00fcb\u00fc\u2019n\u00fcn bu y\u0131l 7.\u2019sini d\u00fczenledi\u011fi Nejat T\u00fclek Junior CUP Futbol Turnuvas\u0131 \u00f6d\u00fcl t\u00f6reniyle tamamland\u0131. Ge\u00e7ti\u011fimiz y\u0131llarda Uluslararas\u0131 boyutta d\u00fczenlenen turnuva bu sene Rusya &#8211; Ukrayna sava\u015f\u0131 ve Ortado\u011fu\u2019daki sava\u015f g\u00fcndemi nedeniyle sadece \u00fclke s\u0131n\u0131rlar\u0131 i\u00e7inde kald\u0131. Turnuvaya KKTC\u2019den de 1 tak\u0131m i\u015ftirak etti. Ada stad\u0131nda 8 kul\u00fcb\u00fcn y\u0131ld\u0131z adaylar\u0131 k\u0131yas\u0131ya&#8230;<\/p>\n","protected":false},"author":1,"featured_media":41597,"comment_status":"open","ping_status":"open","sticky":false,"template":"","format":"standard","meta":{"_crdt_document":"","footnotes":""},"categories":[4],"tags":[],"class_list":["post-41596","post","type-post","status-publish","format-standard","has-post-thumbnail","hentry","category-spor"],"_links":{"self":[{"href":"https:\/\/www.egemtv.com\/index.php?rest_route=\/wp\/v2\/posts\/41596","targetHints":{"allow":["GET"]}}],"collection":[{"href":"https:\/\/www.egemtv.com\/index.php?rest_route=\/wp\/v2\/posts"}],"about":[{"href":"https:\/\/www.egemtv.com\/index.php?rest_route=\/wp\/v2\/types\/post"}],"author":[{"embeddable":true,"href":"https:\/\/www.egemtv.com\/index.php?rest_route=\/wp\/v2\/users\/1"}],"replies":[{"embeddable":true,"href":"https:\/\/www.egemtv.com\/index.php?rest_route=%2Fwp%2Fv2%2Fcomments&post=41596"}],"version-history":[{"count":1,"href":"https:\/\/www.egemtv.com\/index.php?rest_route=\/wp\/v2\/posts\/41596\/revisions"}],"predecessor-version":[{"id":41598,"href":"https:\/\/www.egemtv.com\/index.php?rest_route=\/wp\/v2\/posts\/41596\/revisions\/41598"}],"wp:featuredmedia":[{"embeddable":true,"href":"https:\/\/www.egemtv.com\/index.php?rest_route=\/wp\/v2\/media\/41597"}],"wp:attachment":[{"href":"https:\/\/www.egemtv.com\/index.php?rest_route=%2Fwp%2Fv2%2Fmedia&parent=41596"}],"wp:term":[{"taxonomy":"category","embeddable":true,"href":"https:\/\/www.egemtv.com\/index.php?rest_route=%2Fwp%2Fv2%2Fcategories&post=41596"},{"taxonomy":"post_tag","embeddable":true,"href":"https:\/\/www.egemtv.com\/index.php?rest_route=%2Fwp%2Fv2%2Ftags&post=41596"}],"curies":[{"name":"wp","href":"https:\/\/api.w.org\/{rel}","templated":true}]}}