{"id":41593,"date":"2025-07-12T12:37:34","date_gmt":"2025-07-12T09:37:34","guid":{"rendered":"https:\/\/www.egemtv.com\/?p=41593"},"modified":"2025-07-12T12:37:35","modified_gmt":"2025-07-12T09:37:35","slug":"milasta-dumanlar-yukseldi-mudahale-suruyor","status":"publish","type":"post","link":"https:\/\/www.egemtv.com\/?p=41593","title":{"rendered":"Milas\u2019ta dumanlar y\u00fckseldi, m\u00fcdahale s\u00fcr\u00fcyor"},"content":{"rendered":"<p>Mu\u011fla\u2019n\u0131n Milas il\u00e7esindeki bir ziraat alan\u0131nda \u00e7\u0131kan yang\u0131na ekipler, havadan ve karadan m\u00fcdahale ederken, k\u0131sa s\u00fcrede yang\u0131n\u0131n etraf\u0131 \u00e7evrildi.<\/p>\n<p>Yang\u0131n, Milas il\u00e7esi Me\u015felik b\u00f6lgesinde meydana geldi. Edinilen bilgiye g\u00f6re ziraat alan\u0131nda hen\u00fcz bilinmeyen bir nedenle yang\u0131n \u00e7\u0131kt\u0131. Y\u00fckselen dumanlar\u0131 fark eden vatanda\u015flar durumu 112 Acil \u00c7a\u011fr\u0131 Merkezi\u2019ne bildirdi. \u0130hbar \u00fczerine b\u00f6lgeye orman ekipleri sevk edildi. K\u0131sa s\u00fcrede b\u00f6lgeye gelen ekipler, yang\u0131n\u0131 kontrol alt\u0131na almak i\u00e7in \u00e7al\u0131\u015fma ba\u015flatt\u0131. Yang\u0131n\u0131n s\u00f6nd\u00fcr\u00fclmesi i\u00e7in \u00e7al\u0131\u015fmalar havadan ve karadan devam ederken, ekiplerin h\u0131zl\u0131 m\u00fcdahalesiyle yang\u0131n\u0131n etraf\u0131n\u0131n \u00e7evrildi\u011fi \u00f6\u011frenildi.<br \/><\/p>\n","protected":false},"excerpt":{"rendered":"<p>Mu\u011fla\u2019n\u0131n Milas il\u00e7esindeki bir ziraat alan\u0131nda \u00e7\u0131kan yang\u0131na ekipler, havadan ve karadan m\u00fcdahale ederken, k\u0131sa s\u00fcrede yang\u0131n\u0131n etraf\u0131 \u00e7evrildi. Yang\u0131n, Milas il\u00e7esi Me\u015felik b\u00f6lgesinde meydana geldi. Edinilen bilgiye g\u00f6re ziraat alan\u0131nda hen\u00fcz bilinmeyen bir nedenle yang\u0131n \u00e7\u0131kt\u0131. Y\u00fckselen dumanlar\u0131 fark eden vatanda\u015flar durumu 112 Acil \u00c7a\u011fr\u0131 Merkezi\u2019ne bildirdi. \u0130hbar \u00fczerine b\u00f6lgeye orman ekipleri sevk edildi&#8230;.<\/p>\n","protected":false},"author":1,"featured_media":41594,"comment_status":"open","ping_status":"open","sticky":false,"template":"","format":"standard","meta":{"_crdt_document":"","footnotes":""},"categories":[5],"tags":[],"class_list":["post-41593","post","type-post","status-publish","format-standard","has-post-thumbnail","hentry","category-asayis"],"_links":{"self":[{"href":"https:\/\/www.egemtv.com\/index.php?rest_route=\/wp\/v2\/posts\/41593","targetHints":{"allow":["GET"]}}],"collection":[{"href":"https:\/\/www.egemtv.com\/index.php?rest_route=\/wp\/v2\/posts"}],"about":[{"href":"https:\/\/www.egemtv.com\/index.php?rest_route=\/wp\/v2\/types\/post"}],"author":[{"embeddable":true,"href":"https:\/\/www.egemtv.com\/index.php?rest_route=\/wp\/v2\/users\/1"}],"replies":[{"embeddable":true,"href":"https:\/\/www.egemtv.com\/index.php?rest_route=%2Fwp%2Fv2%2Fcomments&post=41593"}],"version-history":[{"count":1,"href":"https:\/\/www.egemtv.com\/index.php?rest_route=\/wp\/v2\/posts\/41593\/revisions"}],"predecessor-version":[{"id":41595,"href":"https:\/\/www.egemtv.com\/index.php?rest_route=\/wp\/v2\/posts\/41593\/revisions\/41595"}],"wp:featuredmedia":[{"embeddable":true,"href":"https:\/\/www.egemtv.com\/index.php?rest_route=\/wp\/v2\/media\/41594"}],"wp:attachment":[{"href":"https:\/\/www.egemtv.com\/index.php?rest_route=%2Fwp%2Fv2%2Fmedia&parent=41593"}],"wp:term":[{"taxonomy":"category","embeddable":true,"href":"https:\/\/www.egemtv.com\/index.php?rest_route=%2Fwp%2Fv2%2Fcategories&post=41593"},{"taxonomy":"post_tag","embeddable":true,"href":"https:\/\/www.egemtv.com\/index.php?rest_route=%2Fwp%2Fv2%2Ftags&post=41593"}],"curies":[{"name":"wp","href":"https:\/\/api.w.org\/{rel}","templated":true}]}}