{"id":41590,"date":"2025-07-12T12:37:29","date_gmt":"2025-07-12T09:37:29","guid":{"rendered":"https:\/\/www.egemtv.com\/?p=41590"},"modified":"2025-07-12T12:37:34","modified_gmt":"2025-07-12T09:37:34","slug":"kanala-dusen-otomobilin-surucusu-yaralandi","status":"publish","type":"post","link":"https:\/\/www.egemtv.com\/?p=41590","title":{"rendered":"Kanala d\u00fc\u015fen otomobilin s\u00fcr\u00fcc\u00fcs\u00fc yaraland\u0131"},"content":{"rendered":"<p>Burdur\u2019un Bucak il\u00e7esinde gece saatlerinde meydana gelen trafik kazas\u0131nda, s\u00fcr\u00fcc\u00fcs\u00fcn\u00fcn direksiyon hakimiyetini kaybetti\u011fi otomobil kanala d\u00fc\u015ft\u00fc. Kazada 1 ki\u015fi yaraland\u0131.<br \/>\n<br \/>Kaza, saat 23.20 s\u0131ralar\u0131nda Bucak il\u00e7esi Fatih Mahallesi, Gazi Caddesi \u00fczerinde meydana geldi. Edinilen bilgiye g\u00f6re, Kadir B. (24) idaresindeki 15 ADS 012 plakal\u0131 otomobil, Antalya-Burdur Karayolu istikametine seyir halindeyken, Bucak Belediyesi Kademe binas\u0131 kar\u015f\u0131s\u0131na geldi\u011fi s\u0131rada s\u00fcr\u00fcc\u00fcn\u00fcn direksiyon hakimiyetini kaybetmesi sonucu kontrolden \u00e7\u0131karak yol kenar\u0131ndaki kanala d\u00fc\u015ft\u00fc.<br \/>\n<br \/>Kazada otomobil s\u00fcr\u00fcc\u00fcs\u00fc Kadir B. yaraland\u0131. \u0130hbar \u00fczerine olay yerine polis, itfaiye ve sa\u011fl\u0131k ekipleri sevk edildi. \u0130tfaiye ekipleri taraf\u0131ndan yap\u0131lan \u00e7al\u0131\u015fma sonucu ara\u00e7ta s\u0131k\u0131\u015ft\u0131\u011f\u0131 yerden \u00e7\u0131kar\u0131lan yaral\u0131 s\u00fcr\u00fcc\u00fc, olay yerindeki ilk m\u00fcdahalesinin ard\u0131ndan ambulansla Bucak Devlet Hastanesi\u2019ne kald\u0131r\u0131ld\u0131. Otomobil ise kurtar\u0131c\u0131 yard\u0131m\u0131yla kanaldan \u00e7\u0131kar\u0131larak otoparka \u00e7ekildi.<br \/><\/p>\n","protected":false},"excerpt":{"rendered":"<p>Burdur\u2019un Bucak il\u00e7esinde gece saatlerinde meydana gelen trafik kazas\u0131nda, s\u00fcr\u00fcc\u00fcs\u00fcn\u00fcn direksiyon hakimiyetini kaybetti\u011fi otomobil kanala d\u00fc\u015ft\u00fc. Kazada 1 ki\u015fi yaraland\u0131. Kaza, saat 23.20 s\u0131ralar\u0131nda Bucak il\u00e7esi Fatih Mahallesi, Gazi Caddesi \u00fczerinde meydana geldi. Edinilen bilgiye g\u00f6re, Kadir B. (24) idaresindeki 15 ADS 012 plakal\u0131 otomobil, Antalya-Burdur Karayolu istikametine seyir halindeyken, Bucak Belediyesi Kademe binas\u0131 kar\u015f\u0131s\u0131na&#8230;<\/p>\n","protected":false},"author":1,"featured_media":41591,"comment_status":"open","ping_status":"open","sticky":false,"template":"","format":"standard","meta":{"_crdt_document":"","footnotes":""},"categories":[5],"tags":[],"class_list":["post-41590","post","type-post","status-publish","format-standard","has-post-thumbnail","hentry","category-asayis"],"_links":{"self":[{"href":"https:\/\/www.egemtv.com\/index.php?rest_route=\/wp\/v2\/posts\/41590","targetHints":{"allow":["GET"]}}],"collection":[{"href":"https:\/\/www.egemtv.com\/index.php?rest_route=\/wp\/v2\/posts"}],"about":[{"href":"https:\/\/www.egemtv.com\/index.php?rest_route=\/wp\/v2\/types\/post"}],"author":[{"embeddable":true,"href":"https:\/\/www.egemtv.com\/index.php?rest_route=\/wp\/v2\/users\/1"}],"replies":[{"embeddable":true,"href":"https:\/\/www.egemtv.com\/index.php?rest_route=%2Fwp%2Fv2%2Fcomments&post=41590"}],"version-history":[{"count":1,"href":"https:\/\/www.egemtv.com\/index.php?rest_route=\/wp\/v2\/posts\/41590\/revisions"}],"predecessor-version":[{"id":41592,"href":"https:\/\/www.egemtv.com\/index.php?rest_route=\/wp\/v2\/posts\/41590\/revisions\/41592"}],"wp:featuredmedia":[{"embeddable":true,"href":"https:\/\/www.egemtv.com\/index.php?rest_route=\/wp\/v2\/media\/41591"}],"wp:attachment":[{"href":"https:\/\/www.egemtv.com\/index.php?rest_route=%2Fwp%2Fv2%2Fmedia&parent=41590"}],"wp:term":[{"taxonomy":"category","embeddable":true,"href":"https:\/\/www.egemtv.com\/index.php?rest_route=%2Fwp%2Fv2%2Fcategories&post=41590"},{"taxonomy":"post_tag","embeddable":true,"href":"https:\/\/www.egemtv.com\/index.php?rest_route=%2Fwp%2Fv2%2Ftags&post=41590"}],"curies":[{"name":"wp","href":"https:\/\/api.w.org\/{rel}","templated":true}]}}