{"id":41584,"date":"2025-07-12T12:17:17","date_gmt":"2025-07-12T09:17:17","guid":{"rendered":"https:\/\/www.egemtv.com\/?p=41584"},"modified":"2025-07-12T12:17:21","modified_gmt":"2025-07-12T09:17:21","slug":"kutahyada-yenilenen-yangin-ilk-mudahale-ekip-binasi-hizmete-girdi","status":"publish","type":"post","link":"https:\/\/www.egemtv.com\/?p=41584","title":{"rendered":"K\u00fctahya\u2019da yenilenen yang\u0131n ilk m\u00fcdahale ekip binas\u0131 hizmete girdi"},"content":{"rendered":"<p>K\u00fctahya\u2019n\u0131n Tav\u015fanl\u0131 il\u00e7esi Derbent k\u00f6y\u00fcnde yang\u0131nlara kar\u015f\u0131 ilk m\u00fcdahale ekip binas\u0131 yenilenerek hizmete a\u00e7\u0131ld\u0131.<br \/>\n<br \/>Yap\u0131lan tadilat ve onar\u0131mlar\u0131 biten ekip binas\u0131n\u0131 ve araz\u00f6z ekibini Orman B\u00f6lge M\u00fcd\u00fcr\u00fc Erdal Dingil ziyaret ederek kazas\u0131z belas\u0131z yang\u0131ns\u0131z bir sezon ge\u00e7irmelerini diledi. Ziyarette Tav\u015fanl\u0131 \u0130\u015fletme M\u00fcd\u00fcr\u00fc Serdar Aksu, \u0130\u015fletme M\u00fcd\u00fcr Yard\u0131mc\u0131lar\u0131 ve \u0130\u015fletme \u015eefleri haz\u0131r bulundu.<br \/>\n<br \/>Hizmete giren ilk m\u00fcdahale ekip binas\u0131 i\u00e7in kurban kesimi yap\u0131ld\u0131. Derbent k\u00f6y\u00fc muhtar\u0131 Mustafa \u00c7akan ve k\u00f6y sakinleri kurulan ekipten ve yenilenen ekip binas\u0131ndan memnuniyetlerini dile getirdiler.<br \/><\/p>\n","protected":false},"excerpt":{"rendered":"<p>K\u00fctahya\u2019n\u0131n Tav\u015fanl\u0131 il\u00e7esi Derbent k\u00f6y\u00fcnde yang\u0131nlara kar\u015f\u0131 ilk m\u00fcdahale ekip binas\u0131 yenilenerek hizmete a\u00e7\u0131ld\u0131. Yap\u0131lan tadilat ve onar\u0131mlar\u0131 biten ekip binas\u0131n\u0131 ve araz\u00f6z ekibini Orman B\u00f6lge M\u00fcd\u00fcr\u00fc Erdal Dingil ziyaret ederek kazas\u0131z belas\u0131z yang\u0131ns\u0131z bir sezon ge\u00e7irmelerini diledi. Ziyarette Tav\u015fanl\u0131 \u0130\u015fletme M\u00fcd\u00fcr\u00fc Serdar Aksu, \u0130\u015fletme M\u00fcd\u00fcr Yard\u0131mc\u0131lar\u0131 ve \u0130\u015fletme \u015eefleri haz\u0131r bulundu. Hizmete giren ilk&#8230;<\/p>\n","protected":false},"author":1,"featured_media":41585,"comment_status":"open","ping_status":"open","sticky":false,"template":"","format":"standard","meta":{"_crdt_document":"","footnotes":""},"categories":[1],"tags":[],"class_list":["post-41584","post","type-post","status-publish","format-standard","has-post-thumbnail","hentry","category-guncel"],"_links":{"self":[{"href":"https:\/\/www.egemtv.com\/index.php?rest_route=\/wp\/v2\/posts\/41584","targetHints":{"allow":["GET"]}}],"collection":[{"href":"https:\/\/www.egemtv.com\/index.php?rest_route=\/wp\/v2\/posts"}],"about":[{"href":"https:\/\/www.egemtv.com\/index.php?rest_route=\/wp\/v2\/types\/post"}],"author":[{"embeddable":true,"href":"https:\/\/www.egemtv.com\/index.php?rest_route=\/wp\/v2\/users\/1"}],"replies":[{"embeddable":true,"href":"https:\/\/www.egemtv.com\/index.php?rest_route=%2Fwp%2Fv2%2Fcomments&post=41584"}],"version-history":[{"count":1,"href":"https:\/\/www.egemtv.com\/index.php?rest_route=\/wp\/v2\/posts\/41584\/revisions"}],"predecessor-version":[{"id":41586,"href":"https:\/\/www.egemtv.com\/index.php?rest_route=\/wp\/v2\/posts\/41584\/revisions\/41586"}],"wp:featuredmedia":[{"embeddable":true,"href":"https:\/\/www.egemtv.com\/index.php?rest_route=\/wp\/v2\/media\/41585"}],"wp:attachment":[{"href":"https:\/\/www.egemtv.com\/index.php?rest_route=%2Fwp%2Fv2%2Fmedia&parent=41584"}],"wp:term":[{"taxonomy":"category","embeddable":true,"href":"https:\/\/www.egemtv.com\/index.php?rest_route=%2Fwp%2Fv2%2Fcategories&post=41584"},{"taxonomy":"post_tag","embeddable":true,"href":"https:\/\/www.egemtv.com\/index.php?rest_route=%2Fwp%2Fv2%2Ftags&post=41584"}],"curies":[{"name":"wp","href":"https:\/\/api.w.org\/{rel}","templated":true}]}}