{"id":41578,"date":"2025-07-12T11:56:24","date_gmt":"2025-07-12T08:56:24","guid":{"rendered":"https:\/\/www.egemtv.com\/?p=41578"},"modified":"2025-07-12T11:56:28","modified_gmt":"2025-07-12T08:56:28","slug":"hisarcik-genclik-merkezi-ogrencilerinden-ornek-davranis","status":"publish","type":"post","link":"https:\/\/www.egemtv.com\/?p=41578","title":{"rendered":"Hisarc\u0131k Gen\u00e7lik Merkezi \u00f6\u011frencilerinden \u00f6rnek davran\u0131\u015f"},"content":{"rendered":"<p>Hisarc\u0131k Eti Maden Gen\u00e7lik Merkezi \u00f6\u011frencileri 15 Temmuz Demokrasi ve Milli Birlik G\u00fcn\u00fc etkinlikleri \u00e7er\u00e7evesinde \u015fehitleri anmak amac\u0131yla il\u00e7edeki \u015fehit mezar\u0131n\u0131 ziyaret ettiler ve ayr\u0131ca mezarl\u0131kta \u00e7evre temizli\u011fi ger\u00e7ekle\u015ftirdiler.<br \/>\n<br \/>Hisarc\u0131k Eti Maden Gen\u00e7lik Merkezinde a\u00e7\u0131lan \u00e7e\u015fitli kurslara kat\u0131lan \u00f6\u011frenciler 15 Temmuz Demokrasi ve Milli Birlik G\u00fcn\u00fc etkinlikleri \u00e7er\u00e7evesinde Gen\u00e7lik ve Spor \u0130l\u00e7e M\u00fcd\u00fcr\u00fc Y\u0131lmaz U\u00e7ar, Antren\u00f6r Nazl\u0131 Eren ve Gen\u00e7lik lideri Yusuf Can nezaretinde \u015fehitleri anmak \u00fczere il\u00e7edeki \u015fehit Jandarma Onba\u015f\u0131 Y\u00fcksel Ar\u0131k\u2019\u0131n mezar\u0131n\u0131 ziyaret ederek dua ettiler. \u00d6\u011frenciler ayr\u0131ca sosyal sorumluluk \u00e7er\u00e7evesinde birlikte mezarl\u0131kta \u00e7evre temizli\u011fi ger\u00e7ekle\u015ftirdiler.<br \/><\/p>\n","protected":false},"excerpt":{"rendered":"<p>Hisarc\u0131k Eti Maden Gen\u00e7lik Merkezi \u00f6\u011frencileri 15 Temmuz Demokrasi ve Milli Birlik G\u00fcn\u00fc etkinlikleri \u00e7er\u00e7evesinde \u015fehitleri anmak amac\u0131yla il\u00e7edeki \u015fehit mezar\u0131n\u0131 ziyaret ettiler ve ayr\u0131ca mezarl\u0131kta \u00e7evre temizli\u011fi ger\u00e7ekle\u015ftirdiler. Hisarc\u0131k Eti Maden Gen\u00e7lik Merkezinde a\u00e7\u0131lan \u00e7e\u015fitli kurslara kat\u0131lan \u00f6\u011frenciler 15 Temmuz Demokrasi ve Milli Birlik G\u00fcn\u00fc etkinlikleri \u00e7er\u00e7evesinde Gen\u00e7lik ve Spor \u0130l\u00e7e M\u00fcd\u00fcr\u00fc Y\u0131lmaz U\u00e7ar,&#8230;<\/p>\n","protected":false},"author":1,"featured_media":41579,"comment_status":"open","ping_status":"open","sticky":false,"template":"","format":"standard","meta":{"_crdt_document":"","footnotes":""},"categories":[123],"tags":[],"class_list":["post-41578","post","type-post","status-publish","format-standard","has-post-thumbnail","hentry","category-gundem"],"_links":{"self":[{"href":"https:\/\/www.egemtv.com\/index.php?rest_route=\/wp\/v2\/posts\/41578","targetHints":{"allow":["GET"]}}],"collection":[{"href":"https:\/\/www.egemtv.com\/index.php?rest_route=\/wp\/v2\/posts"}],"about":[{"href":"https:\/\/www.egemtv.com\/index.php?rest_route=\/wp\/v2\/types\/post"}],"author":[{"embeddable":true,"href":"https:\/\/www.egemtv.com\/index.php?rest_route=\/wp\/v2\/users\/1"}],"replies":[{"embeddable":true,"href":"https:\/\/www.egemtv.com\/index.php?rest_route=%2Fwp%2Fv2%2Fcomments&post=41578"}],"version-history":[{"count":1,"href":"https:\/\/www.egemtv.com\/index.php?rest_route=\/wp\/v2\/posts\/41578\/revisions"}],"predecessor-version":[{"id":41580,"href":"https:\/\/www.egemtv.com\/index.php?rest_route=\/wp\/v2\/posts\/41578\/revisions\/41580"}],"wp:featuredmedia":[{"embeddable":true,"href":"https:\/\/www.egemtv.com\/index.php?rest_route=\/wp\/v2\/media\/41579"}],"wp:attachment":[{"href":"https:\/\/www.egemtv.com\/index.php?rest_route=%2Fwp%2Fv2%2Fmedia&parent=41578"}],"wp:term":[{"taxonomy":"category","embeddable":true,"href":"https:\/\/www.egemtv.com\/index.php?rest_route=%2Fwp%2Fv2%2Fcategories&post=41578"},{"taxonomy":"post_tag","embeddable":true,"href":"https:\/\/www.egemtv.com\/index.php?rest_route=%2Fwp%2Fv2%2Ftags&post=41578"}],"curies":[{"name":"wp","href":"https:\/\/api.w.org\/{rel}","templated":true}]}}