{"id":41575,"date":"2025-07-12T11:56:23","date_gmt":"2025-07-12T08:56:23","guid":{"rendered":"https:\/\/www.egemtv.com\/?p=41575"},"modified":"2025-07-12T11:56:24","modified_gmt":"2025-07-12T08:56:24","slug":"kutahya-dini-ihtisas-merkezinde-hem-egitim-hem-etkinlik-dolu-gunler","status":"publish","type":"post","link":"https:\/\/www.egemtv.com\/?p=41575","title":{"rendered":"K\u00fctahya Dini \u0130htisas Merkezi\u2019nde hem e\u011fitim hem etkinlik dolu g\u00fcnler"},"content":{"rendered":"<p>K\u00fctahya Dini \u0130htisas Merkezi\u2019nde III. d\u00f6nem akademi kursiyerlerine y\u00f6nelik \u00e7e\u015fitli etkinlikler d\u00fczenlendi. \u0130l M\u00fcft\u00fcs\u00fc Dr. \u0130rfan A\u00e7\u0131k, kursiyerlere &#8220;Kurumsal Aidiyet ve G\u00f6rev Bilinci&#8221; konulu bir konferans verdi. Konferans\u0131n ard\u0131ndan M\u00fcft\u00fc A\u00e7\u0131k, Dini \u0130htisas Merkezi M\u00fcd\u00fcr\u00fc ile birlikte yap\u0131m\u0131 devam eden cami in\u015faat\u0131nda incelemelerde bulundu.<br \/>\n<br \/>E\u011fitim g\u00f6ren III. d\u00f6nem aday din g\u00f6revlileri aras\u0131nda d\u00fczenlenen s\u0131n\u0131flar aras\u0131 voleybol turnuvas\u0131, K\u00fctahya Gen\u00e7lik ve Spor \u0130l M\u00fcd\u00fcrl\u00fc\u011f\u00fc Gen\u00e7lik Merkezi spor salonunda ger\u00e7ekle\u015ftirildi. Y\u00fcksek tempo ve \u00e7eki\u015fmeli ge\u00e7en m\u00fcsabakalar\u0131n ard\u0131ndan \u015fampiyon olan s\u0131n\u0131fa kupa ve madalya takdim edildi.<br \/>\n<br \/>Dini \u0130htisas Merkezi e\u011fitim g\u00f6revlileri, personeli ve kursiyerler, Yoncal\u0131 Kapl\u0131calar\u0131\u2019nda d\u00fczenlenen piknik etkinli\u011finde bir araya geldi. \u00c7e\u015fitli oyunlar ve yar\u0131\u015fmalarla renklenen organizasyon, personel ve kursiyerler aras\u0131nda samimi anlara ve g\u00fc\u00e7l\u00fc bir kayna\u015fmaya vesile oldu.<br \/><\/p>\n","protected":false},"excerpt":{"rendered":"<p>K\u00fctahya Dini \u0130htisas Merkezi\u2019nde III. d\u00f6nem akademi kursiyerlerine y\u00f6nelik \u00e7e\u015fitli etkinlikler d\u00fczenlendi. \u0130l M\u00fcft\u00fcs\u00fc Dr. \u0130rfan A\u00e7\u0131k, kursiyerlere &#8220;Kurumsal Aidiyet ve G\u00f6rev Bilinci&#8221; konulu bir konferans verdi. Konferans\u0131n ard\u0131ndan M\u00fcft\u00fc A\u00e7\u0131k, Dini \u0130htisas Merkezi M\u00fcd\u00fcr\u00fc ile birlikte yap\u0131m\u0131 devam eden cami in\u015faat\u0131nda incelemelerde bulundu. E\u011fitim g\u00f6ren III. d\u00f6nem aday din g\u00f6revlileri aras\u0131nda d\u00fczenlenen s\u0131n\u0131flar aras\u0131&#8230;<\/p>\n","protected":false},"author":1,"featured_media":41576,"comment_status":"open","ping_status":"open","sticky":false,"template":"","format":"standard","meta":{"_crdt_document":"","footnotes":""},"categories":[1],"tags":[],"class_list":["post-41575","post","type-post","status-publish","format-standard","has-post-thumbnail","hentry","category-guncel"],"_links":{"self":[{"href":"https:\/\/www.egemtv.com\/index.php?rest_route=\/wp\/v2\/posts\/41575","targetHints":{"allow":["GET"]}}],"collection":[{"href":"https:\/\/www.egemtv.com\/index.php?rest_route=\/wp\/v2\/posts"}],"about":[{"href":"https:\/\/www.egemtv.com\/index.php?rest_route=\/wp\/v2\/types\/post"}],"author":[{"embeddable":true,"href":"https:\/\/www.egemtv.com\/index.php?rest_route=\/wp\/v2\/users\/1"}],"replies":[{"embeddable":true,"href":"https:\/\/www.egemtv.com\/index.php?rest_route=%2Fwp%2Fv2%2Fcomments&post=41575"}],"version-history":[{"count":1,"href":"https:\/\/www.egemtv.com\/index.php?rest_route=\/wp\/v2\/posts\/41575\/revisions"}],"predecessor-version":[{"id":41577,"href":"https:\/\/www.egemtv.com\/index.php?rest_route=\/wp\/v2\/posts\/41575\/revisions\/41577"}],"wp:featuredmedia":[{"embeddable":true,"href":"https:\/\/www.egemtv.com\/index.php?rest_route=\/wp\/v2\/media\/41576"}],"wp:attachment":[{"href":"https:\/\/www.egemtv.com\/index.php?rest_route=%2Fwp%2Fv2%2Fmedia&parent=41575"}],"wp:term":[{"taxonomy":"category","embeddable":true,"href":"https:\/\/www.egemtv.com\/index.php?rest_route=%2Fwp%2Fv2%2Fcategories&post=41575"},{"taxonomy":"post_tag","embeddable":true,"href":"https:\/\/www.egemtv.com\/index.php?rest_route=%2Fwp%2Fv2%2Ftags&post=41575"}],"curies":[{"name":"wp","href":"https:\/\/api.w.org\/{rel}","templated":true}]}}