{"id":41572,"date":"2025-07-12T11:37:20","date_gmt":"2025-07-12T08:37:20","guid":{"rendered":"https:\/\/www.egemtv.com\/?p=41572"},"modified":"2025-07-12T11:37:24","modified_gmt":"2025-07-12T08:37:24","slug":"genclerle-yaz-nesesi-sohbetleri-basladi","status":"publish","type":"post","link":"https:\/\/www.egemtv.com\/?p=41572","title":{"rendered":"Gen\u00e7lerle yaz ne\u015fesi sohbetleri ba\u015flad\u0131"},"content":{"rendered":"<p>Afyonkarahisar M\u00fcft\u00fcl\u00fc\u011f\u00fc Gen\u00e7lik Koordinat\u00f6rl\u00fc\u011f\u00fc taraf\u0131ndan organize edilen &#8220;Gen\u00e7lerle Yaz Ne\u015fesi Sohbetleri&#8221; program\u0131, Aile ve Dini Rehberlik Merkezi\u2019nde gen\u00e7lerin yo\u011fun ilgisiyle ba\u015flad\u0131.<br \/>\n<br \/>Lise ve \u00fcniversite \u00e7a\u011f\u0131ndaki k\u0131z \u00f6\u011frencilere y\u00f6nelik haz\u0131rlanan program\u0131n bu haftaki oturumunda, Kur\u2019an-\u0131 Kerim dersi vaiz Nursima \u00c7elik taraf\u0131ndan verildi. \u00c7elik, gen\u00e7lerle Kur\u2019an\u2019\u0131n rehberli\u011fi ve g\u00fcnl\u00fck ya\u015fant\u0131ya yans\u0131malar\u0131 \u00fczerine keyifli ve bilgilendirici bir sohbet ger\u00e7ekle\u015ftirdi. Programda ayr\u0131ca Din Hizmetleri Uzman\u0131 \u00dcmm\u00fchan \u00d6zer, &#8220;Sosyal Medya Ahlak\u0131&#8221; ba\u015fl\u0131kl\u0131 sunumuyla gen\u00e7lerle bulu\u015ftu. \u00d6zer, sosyal medyan\u0131n bilin\u00e7li kullan\u0131m\u0131, dijital mahremiyet ve \u0130slam ahlak\u0131 \u00fczerine \u00f6nemli bilgiler aktard\u0131. Etkinlik kapsam\u0131nda Kuran Kursu \u00d6\u011freticisi Hatice G\u00fcl\u015fen rehberli\u011finde &#8220;Bal Mumu Etkinli\u011fi&#8221; de d\u00fczenlendi. Gen\u00e7lerin el becerilerini geli\u015ftirmeye y\u00f6nelik bu uygulamal\u0131 at\u00f6lye, kat\u0131l\u0131mc\u0131lara hem e\u011flenceli hem \u00fcretici anlar ya\u015fatt\u0131.<br \/>\n<br \/>Samimi bir atmosferde ge\u00e7en program\u0131n, gen\u00e7lerin manevi ve sosyal geli\u015fimlerine katk\u0131 sunmas\u0131 hedefleniyor.<br \/><\/p>\n","protected":false},"excerpt":{"rendered":"<p>Afyonkarahisar M\u00fcft\u00fcl\u00fc\u011f\u00fc Gen\u00e7lik Koordinat\u00f6rl\u00fc\u011f\u00fc taraf\u0131ndan organize edilen &#8220;Gen\u00e7lerle Yaz Ne\u015fesi Sohbetleri&#8221; program\u0131, Aile ve Dini Rehberlik Merkezi\u2019nde gen\u00e7lerin yo\u011fun ilgisiyle ba\u015flad\u0131. Lise ve \u00fcniversite \u00e7a\u011f\u0131ndaki k\u0131z \u00f6\u011frencilere y\u00f6nelik haz\u0131rlanan program\u0131n bu haftaki oturumunda, Kur\u2019an-\u0131 Kerim dersi vaiz Nursima \u00c7elik taraf\u0131ndan verildi. \u00c7elik, gen\u00e7lerle Kur\u2019an\u2019\u0131n rehberli\u011fi ve g\u00fcnl\u00fck ya\u015fant\u0131ya yans\u0131malar\u0131 \u00fczerine keyifli ve bilgilendirici bir sohbet&#8230;<\/p>\n","protected":false},"author":1,"featured_media":41573,"comment_status":"open","ping_status":"open","sticky":false,"template":"","format":"standard","meta":{"_crdt_document":"","footnotes":""},"categories":[1],"tags":[],"class_list":["post-41572","post","type-post","status-publish","format-standard","has-post-thumbnail","hentry","category-guncel"],"_links":{"self":[{"href":"https:\/\/www.egemtv.com\/index.php?rest_route=\/wp\/v2\/posts\/41572","targetHints":{"allow":["GET"]}}],"collection":[{"href":"https:\/\/www.egemtv.com\/index.php?rest_route=\/wp\/v2\/posts"}],"about":[{"href":"https:\/\/www.egemtv.com\/index.php?rest_route=\/wp\/v2\/types\/post"}],"author":[{"embeddable":true,"href":"https:\/\/www.egemtv.com\/index.php?rest_route=\/wp\/v2\/users\/1"}],"replies":[{"embeddable":true,"href":"https:\/\/www.egemtv.com\/index.php?rest_route=%2Fwp%2Fv2%2Fcomments&post=41572"}],"version-history":[{"count":1,"href":"https:\/\/www.egemtv.com\/index.php?rest_route=\/wp\/v2\/posts\/41572\/revisions"}],"predecessor-version":[{"id":41574,"href":"https:\/\/www.egemtv.com\/index.php?rest_route=\/wp\/v2\/posts\/41572\/revisions\/41574"}],"wp:featuredmedia":[{"embeddable":true,"href":"https:\/\/www.egemtv.com\/index.php?rest_route=\/wp\/v2\/media\/41573"}],"wp:attachment":[{"href":"https:\/\/www.egemtv.com\/index.php?rest_route=%2Fwp%2Fv2%2Fmedia&parent=41572"}],"wp:term":[{"taxonomy":"category","embeddable":true,"href":"https:\/\/www.egemtv.com\/index.php?rest_route=%2Fwp%2Fv2%2Fcategories&post=41572"},{"taxonomy":"post_tag","embeddable":true,"href":"https:\/\/www.egemtv.com\/index.php?rest_route=%2Fwp%2Fv2%2Ftags&post=41572"}],"curies":[{"name":"wp","href":"https:\/\/api.w.org\/{rel}","templated":true}]}}