{"id":41569,"date":"2025-07-12T11:37:11","date_gmt":"2025-07-12T08:37:11","guid":{"rendered":"https:\/\/www.egemtv.com\/?p=41569"},"modified":"2025-07-12T11:37:20","modified_gmt":"2025-07-12T08:37:20","slug":"bursa-keleste-57inci-kocayayla-soleni-turk-dunyasiyla-yankilandi","status":"publish","type":"post","link":"https:\/\/www.egemtv.com\/?p=41569","title":{"rendered":"Bursa Keles\u2019te 57\u2019inci Kocayayla \u015e\u00f6leni T\u00fcrk D\u00fcnyas\u0131\u2019yla yank\u0131land\u0131"},"content":{"rendered":"<p>K\u00fctahya\u2019n\u0131n Tav\u015fanl\u0131 il\u00e7esinde kurulan Hargu\u015f K\u00fclt\u00fcr Sanat i\u015f birli\u011fiyle d\u00fczenlenen \u015f\u00f6len, T\u00fcrk d\u00fcnyas\u0131n\u0131n renklerini Bursa\u2019ya ta\u015f\u0131d\u0131.<br \/>\n<br \/>Bursa\u2019n\u0131n Keles il\u00e7esinde bu y\u0131l 57\u2019ncisi d\u00fczenlenen geleneksel Kocayayla \u015e\u00f6leni, T\u00fcrk d\u00fcnyas\u0131ndan gelen k\u00fclt\u00fcr el\u00e7ileriyle adeta bir karde\u015flik bulu\u015fmas\u0131na d\u00f6n\u00fc\u015ft\u00fc. Keles Belediyesi ev sahipli\u011finde ve Hargu\u015f K\u00fclt\u00fcr Sanat ve E\u011fitim Derne\u011fi i\u015f birli\u011fiyle d\u00fczenlenen etkinlikte, halk oyunlar\u0131ndan konserlere, el sanatlar\u0131 sergilerinden geleneksel spor g\u00f6sterilerine kadar bir\u00e7ok faaliyet izleyicilerle bulu\u015ftu.<br \/>\n<br \/>\u015e\u00f6lende \u00f6zellikle Tav\u015fanl\u0131\u2019dan gelen Tav\u015fanl\u0131 \u0130l\u00e7e Spor M\u00fcd\u00fcrl\u00fc\u011f\u00fc ve Tav\u015fanl\u0131 Halk E\u011fitimi Merkezi ekipleri, sahne performanslar\u0131 ve \u00f6zg\u00fcn halk danslar\u0131yla b\u00fcy\u00fck be\u011feni toplad\u0131. Zeybek g\u00f6sterisi, izleyenler taraf\u0131ndan ayakta alk\u0131\u015fland\u0131.<br \/>\n<br \/>Etkinlik kapsam\u0131nda a\u00e7\u0131klamalarda bulunan Hargu\u015f K\u00fclt\u00fcr Sanat ve E\u011fitim Derne\u011fi Ba\u015fkan\u0131 Deniz U\u00e7ar, \u015f\u00f6lenin sadece k\u00fclt\u00fcrel bir etkinlik de\u011fil, ayn\u0131 zamanda Bursa\u2019n\u0131n, Keles\u2019in  tan\u0131t\u0131m\u0131na \u00f6nemli katk\u0131 sundu\u011funu vurgulad\u0131. U\u00e7ar, &#8220;Hargu\u015f olarak hem T\u00fcrk d\u00fcnyas\u0131n\u0131n k\u00fclt\u00fcrel ba\u011flar\u0131n\u0131 g\u00fc\u00e7lendirmeye hem de yerel de\u011ferlerimizi uluslararas\u0131 sahneye ta\u015f\u0131maya devam ediyoruz. Bu \u015f\u00f6len, ortak k\u00fclt\u00fcr\u00fcm\u00fcz\u00fc ya\u015fatmak ad\u0131na \u00e7ok k\u0131ymetli. Ayn\u0131 zamanda Bursa\u2019n\u0131n ve Keles\u2019in do\u011fal ve k\u00fclt\u00fcrel zenginliklerini tan\u0131tma f\u0131rsat\u0131 da bulduk&#8221; dedi.<br \/>\n<br \/>Deniz U\u00e7ar ayr\u0131ca, organizasyonun ger\u00e7ekle\u015fmesinde eme\u011fi ge\u00e7en Keles Belediye Ba\u015fkan\u0131 Ali Do\u011fru\u2019ya da te\u015fekk\u00fcr ederek, &#8220;Say\u0131n Ba\u015fkan\u0131m\u0131z Ali Do\u011fru\u2019nun destekleriyle bu \u015f\u00f6len b\u00fcy\u00fck bir birlik ve dayan\u0131\u015fma \u00f6rne\u011fi olarak ger\u00e7ekle\u015fti. Kendisine ve eme\u011fi ge\u00e7en t\u00fcm ekibe g\u00f6n\u00fclden te\u015fekk\u00fcr ederiz&#8221; ifadelerini kulland\u0131.<br \/>\n<br \/>Kocayayla\u2019n\u0131n ye\u015fillikleri aras\u0131nda ger\u00e7ekle\u015fen \u015f\u00f6len, binlerce ki\u015fiyi bir araya getirerek T\u00fcrk k\u00fclt\u00fcr\u00fcn\u00fcn zenginli\u011fini ve birli\u011fini bir kez daha g\u00f6zler \u00f6n\u00fcne serdi.<br \/><\/p>\n","protected":false},"excerpt":{"rendered":"<p>K\u00fctahya\u2019n\u0131n Tav\u015fanl\u0131 il\u00e7esinde kurulan Hargu\u015f K\u00fclt\u00fcr Sanat i\u015f birli\u011fiyle d\u00fczenlenen \u015f\u00f6len, T\u00fcrk d\u00fcnyas\u0131n\u0131n renklerini Bursa\u2019ya ta\u015f\u0131d\u0131. Bursa\u2019n\u0131n Keles il\u00e7esinde bu y\u0131l 57\u2019ncisi d\u00fczenlenen geleneksel Kocayayla \u015e\u00f6leni, T\u00fcrk d\u00fcnyas\u0131ndan gelen k\u00fclt\u00fcr el\u00e7ileriyle adeta bir karde\u015flik bulu\u015fmas\u0131na d\u00f6n\u00fc\u015ft\u00fc. Keles Belediyesi ev sahipli\u011finde ve Hargu\u015f K\u00fclt\u00fcr Sanat ve E\u011fitim Derne\u011fi i\u015f birli\u011fiyle d\u00fczenlenen etkinlikte, halk oyunlar\u0131ndan konserlere, el&#8230;<\/p>\n","protected":false},"author":1,"featured_media":41570,"comment_status":"open","ping_status":"open","sticky":false,"template":"","format":"standard","meta":{"_crdt_document":"","footnotes":""},"categories":[1],"tags":[],"class_list":["post-41569","post","type-post","status-publish","format-standard","has-post-thumbnail","hentry","category-guncel"],"_links":{"self":[{"href":"https:\/\/www.egemtv.com\/index.php?rest_route=\/wp\/v2\/posts\/41569","targetHints":{"allow":["GET"]}}],"collection":[{"href":"https:\/\/www.egemtv.com\/index.php?rest_route=\/wp\/v2\/posts"}],"about":[{"href":"https:\/\/www.egemtv.com\/index.php?rest_route=\/wp\/v2\/types\/post"}],"author":[{"embeddable":true,"href":"https:\/\/www.egemtv.com\/index.php?rest_route=\/wp\/v2\/users\/1"}],"replies":[{"embeddable":true,"href":"https:\/\/www.egemtv.com\/index.php?rest_route=%2Fwp%2Fv2%2Fcomments&post=41569"}],"version-history":[{"count":1,"href":"https:\/\/www.egemtv.com\/index.php?rest_route=\/wp\/v2\/posts\/41569\/revisions"}],"predecessor-version":[{"id":41571,"href":"https:\/\/www.egemtv.com\/index.php?rest_route=\/wp\/v2\/posts\/41569\/revisions\/41571"}],"wp:featuredmedia":[{"embeddable":true,"href":"https:\/\/www.egemtv.com\/index.php?rest_route=\/wp\/v2\/media\/41570"}],"wp:attachment":[{"href":"https:\/\/www.egemtv.com\/index.php?rest_route=%2Fwp%2Fv2%2Fmedia&parent=41569"}],"wp:term":[{"taxonomy":"category","embeddable":true,"href":"https:\/\/www.egemtv.com\/index.php?rest_route=%2Fwp%2Fv2%2Fcategories&post=41569"},{"taxonomy":"post_tag","embeddable":true,"href":"https:\/\/www.egemtv.com\/index.php?rest_route=%2Fwp%2Fv2%2Ftags&post=41569"}],"curies":[{"name":"wp","href":"https:\/\/api.w.org\/{rel}","templated":true}]}}